{"id":363354,"date":"2025-09-03T13:42:17","date_gmt":"2025-09-03T13:42:17","guid":{"rendered":"https:\/\/www.europesays.com\/fr\/363354\/"},"modified":"2025-09-03T13:42:17","modified_gmt":"2025-09-03T13:42:17","slug":"une-altercation-eclate-en-salle-des-profs-un-enseignant-blesse-au-couteau","status":"publish","type":"post","link":"https:\/\/www.europesays.com\/fr\/363354\/","title":{"rendered":"Une altercation \u00e9clate en salle des profs, un enseignant bless\u00e9 au couteau"},"content":{"rendered":"<p>Stupeur au lyc\u00e9e Paul-Langevin \u00e0 <a href=\"https:\/\/www.20minutes.fr\/dossier\/martigues\" class=\"c-link c-link--is-underlined\" target=\"_blank\" rel=\"noopener\">Martigues<\/a>, dans les <a href=\"https:\/\/www.20minutes.fr\/dossier\/bouches-rhone\" class=\"c-link c-link--is-underlined\" target=\"_blank\" rel=\"noopener\">Bouches-du-Rh\u00f4ne<\/a>. Un professeur a \u00e9t\u00e9 bless\u00e9 avec une arme blanche par l\u2019un de ses coll\u00e8gues, \u00e0 la suite d\u2019une altercation au sein de l\u2019\u00e9tablissement, rapporte <a href=\"https:\/\/maritima.fr\/actualites\/faits-divers\/martigues\/8698\/martigues-une-altercation-entre-deux-professeurs-degenere-au-lycee-langevin\" rel=\"nofollow noopener\" target=\"_blank\" class=\"c-link c-link--is-underlined\">Maritima<\/a>, selon une information confirm\u00e9e \u00e0 20 Minutes par le rectorat de l\u2019acad\u00e9mie Aix-Marseille.<\/p>\n<p>Deux coups port\u00e9s<\/p>\n<p>La \u00ab\u00a0violente altercation\u00a0\u00bb a eu lieu ce matin au sein de la salle des professeurs, indique le rectorat. La victime a \u00e9t\u00e9 frapp\u00e9e par deux coups \u00e0 l\u2019arme blanche, confirme le procureur de la R\u00e9publique d\u2019Aix-en-Provence, \u00e0 20 Minutes. L\u00e9g\u00e8rement bless\u00e9e, elle a \u00e9t\u00e9 prise en charge par l\u2019infirmi\u00e8re scolaire, puis par les secours, arriv\u00e9s sur place.<\/p>\n<p>L\u2019autre enseignant, \u00ab\u00a0porteur d\u2019un petit couteau\u00a0\u00bb selon le rectorat, a \u00e9t\u00e9 ma\u00eetris\u00e9 par des coll\u00e8gues. \u00ab\u00a0Le mis en cause est actuellement plac\u00e9 en garde \u00e0 vue du chef de violences aggrav\u00e9es\u00a0\u00bb, pr\u00e9cise le parquet. Une enqu\u00eate est en cours pour d\u00e9terminer le mobile et les circonstances du passage \u00e0 l\u2019acte.<\/p>\n<p><a href=\"https:\/\/www.20minutes.fr\/dossier\/bouches-rhone\" class=\"c-link c-btn c-btn--primary\" target=\"_blank\" rel=\"noopener\">Retrouvez ici tous nos articles sur l&rsquo;actualit\u00e9 dans les Bouches-du-Rh\u00f4ne<\/a><\/p>\n<p>Une cellule d\u2019\u00e9coute a \u00e9t\u00e9 mise en place pour le personnel \u00e0 la suite de cette agression, et \u00ab\u00a0l\u2019\u00e9quipe mobile acad\u00e9mique de s\u00e9curit\u00e9 (EMAS) est pr\u00e9sente sur place\u00a0\u00bb, pr\u00e9cise le rectorat, dans son communiqu\u00e9, condamnant \u00ab\u00a0fermement cet acte de violence\u00a0\u00bb et adressant son soutien \u00ab\u00a0\u00e0 la communaut\u00e9 \u00e9ducative de l\u2019\u00e9tablissement\u00a0\u00bb. Le directeur acad\u00e9mique des services de l\u2019\u00e9ducation nationale des Bouches-du-Rh\u00f4ne s\u2019est rendu sur place et le lyc\u00e9e a \u00e9t\u00e9 ferm\u00e9 pour la journ\u00e9e.<\/p>\n","protected":false},"excerpt":{"rendered":"Stupeur au lyc\u00e9e Paul-Langevin \u00e0 Martigues, dans les Bouches-du-Rh\u00f4ne. Un professeur a \u00e9t\u00e9 bless\u00e9 avec une arme blanche&hellip;\n","protected":false},"author":2,"featured_media":363355,"comment_status":"","ping_status":"","sticky":false,"template":"","format":"standard","meta":{"footnotes":""},"categories":[4],"tags":[47,11,885,7623,1126,118,7505,1011,27,2633,12045,12,883,1127,882,25],"class_list":{"0":"post-363354","1":"post","2":"type-post","3":"status-publish","4":"format-standard","5":"has-post-thumbnail","7":"category-france","8":"tag-actualite","9":"tag-actualites","10":"tag-bouches-du-rhone","11":"tag-coup-de-couteau","12":"tag-education-nationale","13":"tag-faits-divers","14":"tag-faits-divers-marseille","15":"tag-fr","16":"tag-france","17":"tag-lycee","18":"tag-martigues","19":"tag-news","20":"tag-paca","21":"tag-professeur","22":"tag-provence-alpes-cote-dazur","23":"tag-republique-francaise"},"share_on_mastodon":{"url":"https:\/\/pubeurope.com\/@fr\/115140660057071648","error":""},"_links":{"self":[{"href":"https:\/\/www.europesays.com\/fr\/wp-json\/wp\/v2\/posts\/363354","targetHints":{"allow":["GET"]}}],"collection":[{"href":"https:\/\/www.europesays.com\/fr\/wp-json\/wp\/v2\/posts"}],"about":[{"href":"https:\/\/www.europesays.com\/fr\/wp-json\/wp\/v2\/types\/post"}],"author":[{"embeddable":true,"href":"https:\/\/www.europesays.com\/fr\/wp-json\/wp\/v2\/users\/2"}],"replies":[{"embeddable":true,"href":"https:\/\/www.europesays.com\/fr\/wp-json\/wp\/v2\/comments?post=363354"}],"version-history":[{"count":0,"href":"https:\/\/www.europesays.com\/fr\/wp-json\/wp\/v2\/posts\/363354\/revisions"}],"wp:featuredmedia":[{"embeddable":true,"href":"https:\/\/www.europesays.com\/fr\/wp-json\/wp\/v2\/media\/363355"}],"wp:attachment":[{"href":"https:\/\/www.europesays.com\/fr\/wp-json\/wp\/v2\/media?parent=363354"}],"wp:term":[{"taxonomy":"category","embeddable":true,"href":"https:\/\/www.europesays.com\/fr\/wp-json\/wp\/v2\/categories?post=363354"},{"taxonomy":"post_tag","embeddable":true,"href":"https:\/\/www.europesays.com\/fr\/wp-json\/wp\/v2\/tags?post=363354"}],"curies":[{"name":"wp","href":"https:\/\/api.w.org\/{rel}","templated":true}]}}