{"id":363356,"date":"2025-09-03T13:43:11","date_gmt":"2025-09-03T13:43:11","guid":{"rendered":"https:\/\/www.europesays.com\/fr\/363356\/"},"modified":"2025-09-03T13:43:11","modified_gmt":"2025-09-03T13:43:11","slug":"mercato-le-qatar-sports-club-espere-signer-presnel-kimpembe-barre-au-psg-lequipe","status":"publish","type":"post","link":"https:\/\/www.europesays.com\/fr\/363356\/","title":{"rendered":"Mercato : le Qatar Sports Club esp\u00e8re signer Presnel Kimpembe, barr\u00e9 au PSG &#8211; L&#039;\u00c9quipe"},"content":{"rendered":"<ol>\n<li><a href=\"https:\/\/news.google.com\/rss\/articles\/CBMiwAFBVV95cUxQZFZMSmZlN3hWTFljY1B5T3ZhMkkwMFVPTFVjYmxWcmZWSlk5QVJGM2JSZGN1Sno4SmdoMy1BUGlPeUlHazRlRWpPNnItemNtdlJkNHNFTDNOX0I1QkNYMGdmMmltZ3U2V3RVbWtvdDF5Qlp2STM1TTRQU1Z2cm8tOGY4OExPMGZyR3dsU1hraDNnU0VZNWYtOTFKVm1RQmU5VHNNWXQwc3ZCYkZ0UTNzM1pjaWtCTFctZTdYejNtZkU?oc=5\" target=\"_blank\" rel=\"nofollow noopener\">Mercato : le Qatar Sports Club esp\u00e8re signer Presnel Kimpembe, barr\u00e9 au PSG<\/a>&nbsp;&nbsp;L&rsquo;\u00c9quipe<\/li>\n<li><a href=\"https:\/\/news.google.com\/rss\/articles\/CBMikAFBVV95cUxOM1NfVGlEZ2RPT3JMNndVUHg4eXRLYXVPZ2U3d2xsUUF3RkRpWFR2MmlmNU44em1lZkVZMWVISWZabW00WHl0Um50MHBtYmxJUnFTT2RwbmNUWjZxcV9kVmJadFUzOG5KdjZhTC1YWjh0Q3BKZWItVlc4U2EySkpveVpkUDktak1PNXpna083Q2I?oc=5\" target=\"_blank\" rel=\"nofollow noopener\">PSG : l\u2019AC Milan a tent\u00e9 Presnel Kimpembe<\/a>&nbsp;&nbsp;Foot Mercato<\/li>\n<li><a href=\"https:\/\/news.google.com\/rss\/articles\/CBMigAFBVV95cUxOOTFJNkZnWXVoWUtseHluNElHWVVVWXFXb2ZnWWoxLURNdWo0bzZhMFc3b29MREMxZ0FfYTVGUklxQVRzSlpMdnZ0dG1GcVptRVRZUlJCeEVMVHV1S2tYRVdiX2NzZHhCRl9ySjhoTzhNR1JpZVFKR1I3dHktREpKdtIBf0FVX3lxTE1yUm1tYnpuNDlFN2dQWm9NMDkxQmRBS3dubzJyTlcwX1pNaUZDbzBsOTltWVF4ZjFUQTJ5WU9DTjJoWEJYdTJzSENxUTl6LTNDY2kxOHpoYUlEWWpILXpQV3pxaVRZWl9ZdzZmSWlKalA5ZUtOMERYclNlMzZLWlU?oc=5\" target=\"_blank\" rel=\"nofollow noopener\">PSG : le Milan AC a pens\u00e9 \u00e0 Kimpembe<\/a>&nbsp;&nbsp;Maxifoot<\/li>\n<li><a href=\"https:\/\/news.google.com\/rss\/articles\/CBMilwFBVV95cUxNdlFZMG1laUptS0Y2Zmo2TDgtNENuUy0xb2VPVkRVejNra1luTUhyWFNGSjcxbnBCZWQ4UEQ5dGQ2TmxKWUJMZmVSejl6cUNBVUV5enEwdThzUHVJcnV3dlZ5TmNCQkFOaWVsbWtNZUtfeUdxelFENHhWOXBwNThMMXdiSnFvQ3ZGTFBoNE9wZlJKTG5hdjVB?oc=5\" target=\"_blank\" rel=\"nofollow noopener\">PSG : Kimpembe refuse de rejoindre Rabiot<\/a>&nbsp;&nbsp;MSN<\/li>\n<li><a href=\"https:\/\/news.google.com\/rss\/articles\/CBMirAFBVV95cUxQcFAzWlNXcGFUbG9lZXcybGFsQTV4clVDLXNUTFQ0VG9LaHdKaDBTajRYUG5SRDllWHgwaFkwdUVDMmVzdTA0WHIxSTVROW1MbUd6bjVKSmFnV0pxRzZpeUhDeWdYb1Y1TWFjUkVCY2JDRlktT3hydEVkOUFKdjVYdDlLNFRvVVRsUGpTdUdGTmRTYnhNT3phSFFKT2h3WG1kX2ZtNExlTjJtT25u0gGrAUFVX3lxTE9IT1ZyVGhucmRTLTJESnpIVVNQOWtGOGpuMkRTLVlBdXZPVl9FM1Q3VkI5S2h1aUw0bEVseWpNU2ZVbWx5OGx3Ty1kOGJXcmIxLU4wenhhR2VRUi0zMTRIYkZZYVlXRzFqY0VnWENLcTMzZ21Uc0lGajBpMHJfeDNMVHdtSWFnVl93VmNWUmNFMGxkU0ViQmtpSnUyTmZsc2tQUFNYYjNLSFdJTQ?oc=5\" target=\"_blank\" rel=\"nofollow noopener\">Mercato : L&rsquo;AC Milan recal\u00e9 par Kimpembe<\/a>&nbsp;&nbsp;Orange Actualit\u00e9s | Sports<\/li>\n<\/ol>\n","protected":false},"excerpt":{"rendered":"Mercato : le Qatar Sports Club esp\u00e8re signer Presnel Kimpembe, barr\u00e9 au PSG&nbsp;&nbsp;L&rsquo;\u00c9quipe PSG : l\u2019AC Milan a&hellip;\n","protected":false},"author":2,"featured_media":363357,"comment_status":"","ping_status":"","sticky":false,"template":"","format":"standard","meta":{"footnotes":""},"categories":[2],"tags":[11,1011,27,12],"class_list":{"0":"post-363356","1":"post","2":"type-post","3":"status-publish","4":"format-standard","5":"has-post-thumbnail","7":"category-actualites","8":"tag-actualites","9":"tag-fr","10":"tag-france","11":"tag-news"},"share_on_mastodon":{"url":"https:\/\/pubeurope.com\/@fr\/115140664034477181","error":""},"_links":{"self":[{"href":"https:\/\/www.europesays.com\/fr\/wp-json\/wp\/v2\/posts\/363356","targetHints":{"allow":["GET"]}}],"collection":[{"href":"https:\/\/www.europesays.com\/fr\/wp-json\/wp\/v2\/posts"}],"about":[{"href":"https:\/\/www.europesays.com\/fr\/wp-json\/wp\/v2\/types\/post"}],"author":[{"embeddable":true,"href":"https:\/\/www.europesays.com\/fr\/wp-json\/wp\/v2\/users\/2"}],"replies":[{"embeddable":true,"href":"https:\/\/www.europesays.com\/fr\/wp-json\/wp\/v2\/comments?post=363356"}],"version-history":[{"count":0,"href":"https:\/\/www.europesays.com\/fr\/wp-json\/wp\/v2\/posts\/363356\/revisions"}],"wp:featuredmedia":[{"embeddable":true,"href":"https:\/\/www.europesays.com\/fr\/wp-json\/wp\/v2\/media\/363357"}],"wp:attachment":[{"href":"https:\/\/www.europesays.com\/fr\/wp-json\/wp\/v2\/media?parent=363356"}],"wp:term":[{"taxonomy":"category","embeddable":true,"href":"https:\/\/www.europesays.com\/fr\/wp-json\/wp\/v2\/categories?post=363356"},{"taxonomy":"post_tag","embeddable":true,"href":"https:\/\/www.europesays.com\/fr\/wp-json\/wp\/v2\/tags?post=363356"}],"curies":[{"name":"wp","href":"https:\/\/api.w.org\/{rel}","templated":true}]}}