{"id":363360,"date":"2025-09-03T13:45:14","date_gmt":"2025-09-03T13:45:14","guid":{"rendered":"https:\/\/www.europesays.com\/fr\/363360\/"},"modified":"2025-09-03T13:45:14","modified_gmt":"2025-09-03T13:45:14","slug":"renaissance-annonce-la-creation-dun-comite-local-a-saint-etienne","status":"publish","type":"post","link":"https:\/\/www.europesays.com\/fr\/363360\/","title":{"rendered":"Renaissance annonce la cr\u00e9ation d\u2019un comit\u00e9 local \u00e0 Saint-\u00c9tienne"},"content":{"rendered":"<p><img loading=\"lazy\" decoding=\"async\" alt=\"\u00a9 Compte X Quentin Bataillon - Quentin Bataillon est le pr\u00e9sident de l'assembl\u00e9e d\u00e9partementale de Renaissance dans la Loire.\" data-zoom-src=\"https:\/\/www.europesays.com\/fr\/wp-content\/uploads\/2025\/09\/initial-quentin-bataillon.jpg\" data-zoomable=\"\" height=\"702\" src=\"https:\/\/www.europesays.com\/fr\/wp-content\/uploads\/2025\/09\/initial-quentin-bataillon.jpg\" width=\"1248\"\/>  <\/p>\n<p class=\"article-desc\">\u00a9 Compte X Quentin Bataillon &#8211; Quentin Bataillon est le pr\u00e9sident de l&rsquo;assembl\u00e9e d\u00e9partementale de Renaissance dans la Loire. <\/p>\n<p>Se voulant : \u00ab\u00a0un parti r\u00e9solument tourn\u00e9 vers les territoires en pla\u00e7ant la d\u00e9centralisation au c\u0153ur de son action\u00a0\u00bb, le parti pr\u00e9sidentiel Renaissance, dirig\u00e9 par <strong>Gabriel Attal<\/strong>, a d\u00e9cid\u00e9 de lancer divers comit\u00e9s locaux, dont un \u00e0 Saint-\u00c9tienne dans la Loire. <\/p>\n<p>Un premier pas pour lancer la campagne des municipales 2026 <\/p>\n<p>Dans un communiqu\u00e9 publi\u00e9 \u00e0 la fin du mois d\u2019ao\u00fbt, le parti Renaissance pr\u00e9sente ces comit\u00e9s locaux comme \u00ab\u00a0des lieux privil\u00e9gi\u00e9s de l\u2019action militante, animant \u00e9galement la vie du parti et contribuant \u00e0 notre implantation territoriale.\u00a0\u00bb <\/p>\n<p>Chaque assembl\u00e9e d\u00e9partementale est ainsi dot\u00e9e de ressources et de moyens d\u00e9di\u00e9s qui lui permettent de favoriser <strong>les initiatives locales<\/strong> et de renforcer son ancrage territorial. <\/p>\n<p>Le but dans la Loire est d\u2019organiser des actions pour la campagne municipale \u00e0 venir avec le collectif <a href=\"https:\/\/mesinfos.fr\/42000-saint-etienne\/municipales-2026-la-droite-et-le-centre-s-unissent-a-saint-etienne-223172.html\" rel=\"noopener nofollow\" target=\"_blank\">\u00ab\u00a0Saint-\u00c9tienne Ensemble 2026\u00a0\u00bb<\/a>. <strong>Fabienne Durand et Arthur Gauthier<\/strong> en sont ainsi devenus les deux responsables locaux. <\/p>\n<p>\u00ab\u00a0Le comit\u00e9 sera mobilis\u00e9 derri\u00e8re Quentin Bataillon, ancien d\u00e9put\u00e9 et pr\u00e9sident de Renaissance Loire, qui se pr\u00e9sente pour conduire la liste de Saint-\u00c9tienne Ensemble 2026. Il soutiendra ensuite la t\u00eate de liste d\u00e9sign\u00e9e \u00e0 l&rsquo;issue du sondage men\u00e9e aupr\u00e8s des St\u00e9phanois et participera activement \u00e0 la campagne municipale.\u00a0\u00bb<\/p>\n","protected":false},"excerpt":{"rendered":"\u00a9 Compte X Quentin Bataillon &#8211; Quentin Bataillon est le pr\u00e9sident de l&rsquo;assembl\u00e9e d\u00e9partementale de Renaissance dans la&hellip;\n","protected":false},"author":2,"featured_media":363361,"comment_status":"","ping_status":"","sticky":false,"template":"","format":"standard","meta":{"footnotes":""},"categories":[9653],"tags":[1111,11,2430,1777,674,1011,27,3434,12,3370,25,4001],"class_list":{"0":"post-363360","1":"post","2":"type-post","3":"status-publish","4":"format-standard","5":"has-post-thumbnail","7":"category-saint-etienne","8":"tag-actu","9":"tag-actualites","10":"tag-auvergne-rhone-alpes","11":"tag-eu","12":"tag-europe","13":"tag-fr","14":"tag-france","15":"tag-municipales-2026","16":"tag-news","17":"tag-renaissance","18":"tag-republique-francaise","19":"tag-saint-etienne"},"share_on_mastodon":{"url":"https:\/\/pubeurope.com\/@fr\/115140671871999124","error":""},"_links":{"self":[{"href":"https:\/\/www.europesays.com\/fr\/wp-json\/wp\/v2\/posts\/363360","targetHints":{"allow":["GET"]}}],"collection":[{"href":"https:\/\/www.europesays.com\/fr\/wp-json\/wp\/v2\/posts"}],"about":[{"href":"https:\/\/www.europesays.com\/fr\/wp-json\/wp\/v2\/types\/post"}],"author":[{"embeddable":true,"href":"https:\/\/www.europesays.com\/fr\/wp-json\/wp\/v2\/users\/2"}],"replies":[{"embeddable":true,"href":"https:\/\/www.europesays.com\/fr\/wp-json\/wp\/v2\/comments?post=363360"}],"version-history":[{"count":0,"href":"https:\/\/www.europesays.com\/fr\/wp-json\/wp\/v2\/posts\/363360\/revisions"}],"wp:featuredmedia":[{"embeddable":true,"href":"https:\/\/www.europesays.com\/fr\/wp-json\/wp\/v2\/media\/363361"}],"wp:attachment":[{"href":"https:\/\/www.europesays.com\/fr\/wp-json\/wp\/v2\/media?parent=363360"}],"wp:term":[{"taxonomy":"category","embeddable":true,"href":"https:\/\/www.europesays.com\/fr\/wp-json\/wp\/v2\/categories?post=363360"},{"taxonomy":"post_tag","embeddable":true,"href":"https:\/\/www.europesays.com\/fr\/wp-json\/wp\/v2\/tags?post=363360"}],"curies":[{"name":"wp","href":"https:\/\/api.w.org\/{rel}","templated":true}]}}