{"id":363366,"date":"2025-09-03T13:48:10","date_gmt":"2025-09-03T13:48:10","guid":{"rendered":"https:\/\/www.europesays.com\/fr\/363366\/"},"modified":"2025-09-03T13:48:10","modified_gmt":"2025-09-03T13:48:10","slug":"le-corps-dun-policier-retrouve-pieds-et-poings-lies-au-pied-dune-falaise-a-toulon","status":"publish","type":"post","link":"https:\/\/www.europesays.com\/fr\/363366\/","title":{"rendered":"Le corps d&rsquo;un policier retrouv\u00e9 pieds et poings li\u00e9s au pied d&rsquo;une falaise \u00e0 Toulon"},"content":{"rendered":"<p>Le corps d&rsquo;un homme a \u00e9t\u00e9 d\u00e9couvert ce mercredi matin sur le rivage de l&rsquo;anse Magaud \u00e0 Toulon, a-t-on appris de sources concordantes. Selon les premiers \u00e9l\u00e9ments, la victime serait <strong>un policier en poste \u00e0 l&rsquo;office antistup\u00e9fiants<\/strong> (Ofast) en r\u00e9gion parisienne.<\/p>\n<p><strong>Le victime portait une cagoule<\/strong>, avait les mains menott\u00e9es et les pieds attach\u00e9s avec des liens de serrage quand son corps a \u00e9t\u00e9 trouv\u00e9 vers 9 heures. Un \u00e9quipage de la compagnie d&rsquo;intervention s&rsquo;est rendu imm\u00e9diatement sur place.<\/p>\n<p>Des effets personnels du policier, notamment sa carte professionnelle, ont \u00e9t\u00e9 retrouv\u00e9s \u00e0 proximit\u00e9 des lieux du drame. <strong>L&rsquo;hypoth\u00e8se du suicide<\/strong> est cependant s\u00e9rieusement envisag\u00e9e, a confirm\u00e9 Samuel Finielz, procureur de la R\u00e9publique de Toulon, \u00ab\u00a0m\u00eame si les circonstances de la d\u00e9couverte du corps peuvent laisser \u00e0 penser qu&rsquo;il s agit d&rsquo;un crime\u00a0\u00bb.<\/p>\n<p>L&rsquo;hypoth\u00e8se d&rsquo;un suicide<\/p>\n<p>\u00ab\u00a0De nombreux autres \u00e9l\u00e9ments permettent aussi de penser qu&rsquo;<strong>il aurait mis fin \u00e0 des jours<\/strong>. Tous ces \u00e9l\u00e9ments font l&rsquo;objet de v\u00e9rifications approfondies par les enqu\u00eateurs\u00a0\u00bb, pr\u00e9cise le chef du parquet.<\/p>\n<p>Des sources polici\u00e8res \u00e9voquent notamment une situation personnelle marqu\u00e9e <strong>une proc\u00e9dure de divorce en cours.<\/strong><\/p>\n<p>Selon la th\u00e8se d&rsquo;un acte d\u00e9sesp\u00e9r\u00e9,<strong> l&rsquo;homme se serait pr\u00e9cipit\u00e9 dans le vide<\/strong>, apr\u00e8s s&rsquo;\u00eatre attach\u00e9 les chevilles et menott\u00e9, depuis une falaise surplombant la plage de Magaud situ\u00e9e du c\u00f4t\u00e9 du quartier du cap Brun.<\/p>\n<p>La division de la criminalit\u00e9 territoriale a \u00e9t\u00e9 saisie de l&rsquo;enqu\u00eate.<\/p>\n","protected":false},"excerpt":{"rendered":"Le corps d&rsquo;un homme a \u00e9t\u00e9 d\u00e9couvert ce mercredi matin sur le rivage de l&rsquo;anse Magaud \u00e0 Toulon,&hellip;\n","protected":false},"author":2,"featured_media":363367,"comment_status":"","ping_status":"","sticky":false,"template":"","format":"standard","meta":{"footnotes":""},"categories":[9619],"tags":[1111,11,1777,674,118,1011,27,12,882,25,2310],"class_list":{"0":"post-363366","1":"post","2":"type-post","3":"status-publish","4":"format-standard","5":"has-post-thumbnail","7":"category-toulon","8":"tag-actu","9":"tag-actualites","10":"tag-eu","11":"tag-europe","12":"tag-faits-divers","13":"tag-fr","14":"tag-france","15":"tag-news","16":"tag-provence-alpes-cote-dazur","17":"tag-republique-francaise","18":"tag-toulon"},"share_on_mastodon":{"url":"https:\/\/pubeurope.com\/@fr\/115140683925595279","error":""},"_links":{"self":[{"href":"https:\/\/www.europesays.com\/fr\/wp-json\/wp\/v2\/posts\/363366","targetHints":{"allow":["GET"]}}],"collection":[{"href":"https:\/\/www.europesays.com\/fr\/wp-json\/wp\/v2\/posts"}],"about":[{"href":"https:\/\/www.europesays.com\/fr\/wp-json\/wp\/v2\/types\/post"}],"author":[{"embeddable":true,"href":"https:\/\/www.europesays.com\/fr\/wp-json\/wp\/v2\/users\/2"}],"replies":[{"embeddable":true,"href":"https:\/\/www.europesays.com\/fr\/wp-json\/wp\/v2\/comments?post=363366"}],"version-history":[{"count":0,"href":"https:\/\/www.europesays.com\/fr\/wp-json\/wp\/v2\/posts\/363366\/revisions"}],"wp:featuredmedia":[{"embeddable":true,"href":"https:\/\/www.europesays.com\/fr\/wp-json\/wp\/v2\/media\/363367"}],"wp:attachment":[{"href":"https:\/\/www.europesays.com\/fr\/wp-json\/wp\/v2\/media?parent=363366"}],"wp:term":[{"taxonomy":"category","embeddable":true,"href":"https:\/\/www.europesays.com\/fr\/wp-json\/wp\/v2\/categories?post=363366"},{"taxonomy":"post_tag","embeddable":true,"href":"https:\/\/www.europesays.com\/fr\/wp-json\/wp\/v2\/tags?post=363366"}],"curies":[{"name":"wp","href":"https:\/\/api.w.org\/{rel}","templated":true}]}}