{"id":363368,"date":"2025-09-03T13:49:10","date_gmt":"2025-09-03T13:49:10","guid":{"rendered":"https:\/\/www.europesays.com\/fr\/363368\/"},"modified":"2025-09-03T13:49:10","modified_gmt":"2025-09-03T13:49:10","slug":"le-corps-dun-policier-menotte-retrouve-dans-lanse-magaud-a-toulon","status":"publish","type":"post","link":"https:\/\/www.europesays.com\/fr\/363368\/","title":{"rendered":"Le corps d&rsquo;un policier menott\u00e9 retrouv\u00e9 dans l&rsquo;anse Magaud \u00e0 Toulon"},"content":{"rendered":"<p class=\"article__intro\">Le corps sans vie d&rsquo;un policier, entrav\u00e9 au niveau des pieds et des mains, a \u00e9t\u00e9 retrouv\u00e9 au niveau de l&rsquo;anse Magaud \u00e0 Toulon, ce mercredi 3 septembre dans la matin\u00e9e. Le procureur de la r\u00e9publique Samuel Finielz privil\u00e9gie la th\u00e8se du suicide.<\/p>\n<p>\n      L\u2019actu des r\u00e9gions\n    <\/p>\n<p>\n      Chaque jour, un tour d\u2019horizon des principales infos de toutes les r\u00e9gions.\n    <\/p>\n<p>    France T\u00e9l\u00e9visions utilise votre adresse e-mail afin de vous envoyer la newsletter \u00ab\u00a0L\u2019actu des r\u00e9gions\u00a0\u00bb. Vous pouvez vous d\u00e9sinscrire \u00e0 tout moment via le lien en bas de cette newsletter. <a target=\"_blank\" href=\"https:\/\/www.francetelevisions.fr\/groupe\/confidentialite\/politique-de-confidentialite\/politique-de-confidentialite-de-france-televisions-6503\" rel=\"nofollow noopener\">Notre politique de confidentialit\u00e9<\/a><\/p>\n<p>Le corps d&rsquo;un homme d&rsquo;une quarantaine d&rsquo;ann\u00e9es a \u00e9t\u00e9 retrouv\u00e9 dans l&rsquo;eau, au niveau de l&rsquo;anse Magaud \u00e0 Toulon. Il s&rsquo;agit d&rsquo;un policier.<\/p>\n<p>Selon <a href=\"https:\/\/www.francebleu.fr\/infos\/faits-divers-justice\/le-corps-d-un-homme-menotte-retrouve-flottant-dans-l-anse-magaud-a-toulon-6005470\" target=\"_blank\" rel=\"noopener nofollow\">Ici Azur,<\/a> il a \u00e9t\u00e9 retrouv\u00e9 avec les mains dans le dos et les pieds entrav\u00e9s, ce mercredi 3 septembre, en fin de matin\u00e9e.<\/p>\n<\/p>\n<p>Selon le procureur de <a href=\"https:\/\/france3-regions.franceinfo.fr\/provence-alpes-cote-d-azur\/var\/toulon\" target=\"_blank\" rel=\"noopener nofollow\">Toulon<\/a>, Samuel Finielz, la th\u00e8se du suicide est privil\u00e9gi\u00e9e. \u00ab\u00a0M\u00eame si les circonstances de la d\u00e9couverte du corps peuvent laisser \u00e0 penser qu&rsquo;il s&rsquo;agit d&rsquo;un crime, de nombreux autres \u00e9l\u00e9ments permettent aussi de penser qu&rsquo;il aurait mis fin \u00e0 ses jours. Tous ces \u00e9l\u00e9ments font l&rsquo;objet de v\u00e9rifications approfondies par les enqu\u00eateurs\u00a0\u00bb, pr\u00e9cise-t-il \u00e0 la presse.<\/p>\n<p>Il ne s&rsquo;agirait pas d&rsquo;un policier en poste dans le Var, selon le procureur.<\/p>\n<p>Une enqu\u00eate a \u00e9t\u00e9 ouverte \u00ab\u00a0en recherche\u00a0\u00bb, pour d\u00e9terminer les causes de la mort et confi\u00e9e \u00e0\u00a0la DIPN 83.<\/p>\n<p>Le 21 aout dernier, un homme d&rsquo;une cinquantaine d&rsquo;ann\u00e9es, p\u00e8re de deux enfants, \u00e9galement policier,\u00a0 se serait donn\u00e9 la mort avec son arme de service \u00e0 Mougins dans les Alpes-Maritimes. <\/p>\n<p>C&rsquo;\u00e9tait alors la troisi\u00e8me fois en dix-huit mois sur la C\u00f4te d&rsquo;Azur que des policiers mettent fin \u00e0 leurs jours. Forc\u00e9ment un \u00e9chec du syst\u00e8me pour leurs coll\u00e8gues repr\u00e9sentants syndicaux.<\/p>\n","protected":false},"excerpt":{"rendered":"Le corps sans vie d&rsquo;un policier, entrav\u00e9 au niveau des pieds et des mains, a \u00e9t\u00e9 retrouv\u00e9 au&hellip;\n","protected":false},"author":2,"featured_media":363369,"comment_status":"","ping_status":"","sticky":false,"template":"","format":"standard","meta":{"footnotes":""},"categories":[9619],"tags":[1111,11,1777,674,1011,27,12,882,25,2310],"class_list":{"0":"post-363368","1":"post","2":"type-post","3":"status-publish","4":"format-standard","5":"has-post-thumbnail","7":"category-toulon","8":"tag-actu","9":"tag-actualites","10":"tag-eu","11":"tag-europe","12":"tag-fr","13":"tag-france","14":"tag-news","15":"tag-provence-alpes-cote-dazur","16":"tag-republique-francaise","17":"tag-toulon"},"share_on_mastodon":{"url":"https:\/\/pubeurope.com\/@fr\/115140687597265558","error":""},"_links":{"self":[{"href":"https:\/\/www.europesays.com\/fr\/wp-json\/wp\/v2\/posts\/363368","targetHints":{"allow":["GET"]}}],"collection":[{"href":"https:\/\/www.europesays.com\/fr\/wp-json\/wp\/v2\/posts"}],"about":[{"href":"https:\/\/www.europesays.com\/fr\/wp-json\/wp\/v2\/types\/post"}],"author":[{"embeddable":true,"href":"https:\/\/www.europesays.com\/fr\/wp-json\/wp\/v2\/users\/2"}],"replies":[{"embeddable":true,"href":"https:\/\/www.europesays.com\/fr\/wp-json\/wp\/v2\/comments?post=363368"}],"version-history":[{"count":0,"href":"https:\/\/www.europesays.com\/fr\/wp-json\/wp\/v2\/posts\/363368\/revisions"}],"wp:featuredmedia":[{"embeddable":true,"href":"https:\/\/www.europesays.com\/fr\/wp-json\/wp\/v2\/media\/363369"}],"wp:attachment":[{"href":"https:\/\/www.europesays.com\/fr\/wp-json\/wp\/v2\/media?parent=363368"}],"wp:term":[{"taxonomy":"category","embeddable":true,"href":"https:\/\/www.europesays.com\/fr\/wp-json\/wp\/v2\/categories?post=363368"},{"taxonomy":"post_tag","embeddable":true,"href":"https:\/\/www.europesays.com\/fr\/wp-json\/wp\/v2\/tags?post=363368"}],"curies":[{"name":"wp","href":"https:\/\/api.w.org\/{rel}","templated":true}]}}