{"id":363376,"date":"2025-09-03T13:53:21","date_gmt":"2025-09-03T13:53:21","guid":{"rendered":"https:\/\/www.europesays.com\/fr\/363376\/"},"modified":"2025-09-03T13:53:21","modified_gmt":"2025-09-03T13:53:21","slug":"la-page-que-vous-cherchez-nexiste-pas-2","status":"publish","type":"post","link":"https:\/\/www.europesays.com\/fr\/363376\/","title":{"rendered":"La page que vous cherchez n\u2019existe pas !"},"content":{"rendered":"<p class=\"preerror404\">erreur<\/p>\n<p class=\"error404\"><img decoding=\"async\" alt=\"cosmos-pixel.gif\" src=\"https:\/\/www.europesays.com\/fr\/wp-content\/uploads\/2025\/09\/cosmos-pixel.gif\"\/><\/p>\n<p> <a id=\"h2-0\"\/>Mais pourquoi ? <\/p>\n<p>Rassurez-vous, vous n\u2019\u00eates pas perdu(e) dans la 4\u00e8me dimension. Plusieurs raisons possibles :<\/p>\n<ul>\n<li>Le lien sur lequel vous avez cliqu\u00e9 ou l\u2019adresse que vous avez saisie contient une faute de frappe<\/li>\n<li>La page a \u00e9t\u00e9 supprim\u00e9e car son contenu n\u2019\u00e9tait plus d\u2019actualit\u00e9<\/li>\n<li>Les Internets vous jouent un tour<\/li>\n<\/ul>\n<p><a id=\"h2-1\"\/>Mais que faire ? <\/p>\n<p>Prenez une grande respiration et d\u00e9tendez-vous, nous avons peut-\u00eatre une solution pour vous\u2026<\/p>\n<p>En fonction de votre recherche, nous vous invitons \u00e0 consulter l\u2019un de nos trois portails\u00a0:<\/p>\n<p>Vous pouvez aussi utiliser notre moteur de recherche pour tenter de retrouver votre contenu.<\/p>\n","protected":false},"excerpt":{"rendered":"erreur Mais pourquoi ? Rassurez-vous, vous n\u2019\u00eates pas perdu(e) dans la 4\u00e8me dimension. Plusieurs raisons possibles : Le&hellip;\n","protected":false},"author":2,"featured_media":358128,"comment_status":"","ping_status":"","sticky":false,"template":"","format":"standard","meta":{"footnotes":""},"categories":[9587],"tags":[1111,11,1777,674,1011,27,12,5161,25,9590],"class_list":{"0":"post-363376","1":"post","2":"type-post","3":"status-publish","4":"format-standard","5":"has-post-thumbnail","7":"category-rouen","8":"tag-actu","9":"tag-actualites","10":"tag-eu","11":"tag-europe","12":"tag-fr","13":"tag-france","14":"tag-news","15":"tag-normandie","16":"tag-republique-francaise","17":"tag-rouen"},"share_on_mastodon":{"url":"https:\/\/pubeurope.com\/@fr\/115140703839039645","error":""},"_links":{"self":[{"href":"https:\/\/www.europesays.com\/fr\/wp-json\/wp\/v2\/posts\/363376","targetHints":{"allow":["GET"]}}],"collection":[{"href":"https:\/\/www.europesays.com\/fr\/wp-json\/wp\/v2\/posts"}],"about":[{"href":"https:\/\/www.europesays.com\/fr\/wp-json\/wp\/v2\/types\/post"}],"author":[{"embeddable":true,"href":"https:\/\/www.europesays.com\/fr\/wp-json\/wp\/v2\/users\/2"}],"replies":[{"embeddable":true,"href":"https:\/\/www.europesays.com\/fr\/wp-json\/wp\/v2\/comments?post=363376"}],"version-history":[{"count":0,"href":"https:\/\/www.europesays.com\/fr\/wp-json\/wp\/v2\/posts\/363376\/revisions"}],"wp:featuredmedia":[{"embeddable":true,"href":"https:\/\/www.europesays.com\/fr\/wp-json\/wp\/v2\/media\/358128"}],"wp:attachment":[{"href":"https:\/\/www.europesays.com\/fr\/wp-json\/wp\/v2\/media?parent=363376"}],"wp:term":[{"taxonomy":"category","embeddable":true,"href":"https:\/\/www.europesays.com\/fr\/wp-json\/wp\/v2\/categories?post=363376"},{"taxonomy":"post_tag","embeddable":true,"href":"https:\/\/www.europesays.com\/fr\/wp-json\/wp\/v2\/tags?post=363376"}],"curies":[{"name":"wp","href":"https:\/\/api.w.org\/{rel}","templated":true}]}}