{"id":363381,"date":"2025-09-03T13:56:22","date_gmt":"2025-09-03T13:56:22","guid":{"rendered":"https:\/\/www.europesays.com\/fr\/363381\/"},"modified":"2025-09-03T13:56:22","modified_gmt":"2025-09-03T13:56:22","slug":"vern-sur-seiche-330-eleves-ont-retrouve-le-chemin-de-lecole-privee","status":"publish","type":"post","link":"https:\/\/www.europesays.com\/fr\/363381\/","title":{"rendered":"Vern-sur-Seiche. 330\u00a0\u00e9l\u00e8ves ont retrouv\u00e9 le chemin de l\u2019\u00e9cole priv\u00e9e"},"content":{"rendered":"<p>Les chiffres de l\u2019\u00e9cole sont stables cette ann\u00e9e, apr\u00e8s plusieurs ann\u00e9es d\u2019augmentations significatives et l\u2019ouverture d\u2019une quatorzi\u00e8me classe l\u2019an dernier.\u00a0Cl\u00e9mence Chabi est la nouvelle enseignante pour les \u00e9l\u00e8ves de CM2, Delphine Russeil occupera \u00e0 temps partiel un poste d\u2019Asem (agent sp\u00e9cialis\u00e9 des \u00e9coles maternelles) dans le cadre de l\u2019accueil de deux enfants avec des besoins \u00e9ducatifs particuliers.<\/p>\n<p>\u00a0Parmi nos projets, nous allons poursuivre et d\u00e9velopper le programme Erasmus en cr\u00e9ant de nouveaux partenariats, l\u2019\u00e9cole \u00e9tant aujourd\u2019hui labellis\u00e9e\u00a0\u00bb,rappelle le directeur Fran\u00e7ois Lefeuvre.<\/p>\n<p>Dans cette optique quatre enseignantes et deux Asem partiront \u00e0 l\u2019\u00e9tranger, \u00e0 Amsterdam (Pays-Bas) et Barcelone (Espagne), d\u00e9couvrir le syst\u00e8me \u00e9ducatif et rechercher des partenariats avec des \u00e9coles europ\u00e9ennes.<\/p>\n<p>L\u2019am\u00e9nagement ext\u00e9rieur de la cour a \u00e9t\u00e9 r\u00e9alis\u00e9 durant les vacances, avec des marquages au sol. Les portes de l\u2019\u00e9cole \u00e9l\u00e9mentaires sont en cours de changement, tandis qu\u2019un projet de prises d\u2019escalade va \u00eatre r\u00e9alis\u00e9 sur un mur.<\/p>\n<p>\u00a0<\/p>\n","protected":false},"excerpt":{"rendered":"Les chiffres de l\u2019\u00e9cole sont stables cette ann\u00e9e, apr\u00e8s plusieurs ann\u00e9es d\u2019augmentations significatives et l\u2019ouverture d\u2019une quatorzi\u00e8me classe&hellip;\n","protected":false},"author":2,"featured_media":363382,"comment_status":"","ping_status":"","sticky":false,"template":"","format":"standard","meta":{"footnotes":""},"categories":[2821],"tags":[49814,1111,11,829,20837,1122,1121,1777,674,1011,27,12,14288,3086,584,25,4256,9310],"class_list":{"0":"post-363381","1":"post","2":"type-post","3":"status-publish","4":"format-standard","5":"has-post-thumbnail","7":"category-rennes","8":"tag-49814","9":"tag-actu","10":"tag-actualites","11":"tag-bretagne","12":"tag-chemin","13":"tag-ecole","14":"tag-eleves","15":"tag-eu","16":"tag-europe","17":"tag-fr","18":"tag-france","19":"tag-news","20":"tag-privee","21":"tag-redon","22":"tag-rennes","23":"tag-republique-francaise","24":"tag-retrouve","25":"tag-vern-sur-seiche"},"share_on_mastodon":{"url":"https:\/\/pubeurope.com\/@fr\/115140715119213273","error":""},"_links":{"self":[{"href":"https:\/\/www.europesays.com\/fr\/wp-json\/wp\/v2\/posts\/363381","targetHints":{"allow":["GET"]}}],"collection":[{"href":"https:\/\/www.europesays.com\/fr\/wp-json\/wp\/v2\/posts"}],"about":[{"href":"https:\/\/www.europesays.com\/fr\/wp-json\/wp\/v2\/types\/post"}],"author":[{"embeddable":true,"href":"https:\/\/www.europesays.com\/fr\/wp-json\/wp\/v2\/users\/2"}],"replies":[{"embeddable":true,"href":"https:\/\/www.europesays.com\/fr\/wp-json\/wp\/v2\/comments?post=363381"}],"version-history":[{"count":0,"href":"https:\/\/www.europesays.com\/fr\/wp-json\/wp\/v2\/posts\/363381\/revisions"}],"wp:featuredmedia":[{"embeddable":true,"href":"https:\/\/www.europesays.com\/fr\/wp-json\/wp\/v2\/media\/363382"}],"wp:attachment":[{"href":"https:\/\/www.europesays.com\/fr\/wp-json\/wp\/v2\/media?parent=363381"}],"wp:term":[{"taxonomy":"category","embeddable":true,"href":"https:\/\/www.europesays.com\/fr\/wp-json\/wp\/v2\/categories?post=363381"},{"taxonomy":"post_tag","embeddable":true,"href":"https:\/\/www.europesays.com\/fr\/wp-json\/wp\/v2\/tags?post=363381"}],"curies":[{"name":"wp","href":"https:\/\/api.w.org\/{rel}","templated":true}]}}