{"id":363388,"date":"2025-09-03T14:00:12","date_gmt":"2025-09-03T14:00:12","guid":{"rendered":"https:\/\/www.europesays.com\/fr\/363388\/"},"modified":"2025-09-03T14:00:12","modified_gmt":"2025-09-03T14:00:12","slug":"fine-fleur-du-rap-marche-a-la-cool-stand-up-a-nice-ce-qui-vous-attend-au-crossover-festival-les-5-et-6-septembre","status":"publish","type":"post","link":"https:\/\/www.europesays.com\/fr\/363388\/","title":{"rendered":"Fine fleur du rap, march\u00e9 \u00e0 la cool, stand-up&#8230; A Nice, ce qui vous attend au Crossover festival les 5 et 6 septembre"},"content":{"rendered":"<p>C\u2019est la rentr\u00e9e, et \u00e7a ne sert \u00e0 rien de le nier. Mais apr\u00e8s tout, l\u2019\u00e9t\u00e9 n\u2019est pas fini. A Nice, <strong>du c\u00f4t\u00e9 du 109<\/strong>, une belle occasion d\u2019en profiter se pr\u00e9sente. <strong>Ce vendredi 5 et ce samedi 6 septembre<\/strong>, le Crossover Festival, qui avait lanc\u00e9 les r\u00e9jouissances au printemps, proposera son acte II.<\/p>\n<p>Au menu, une belle brochette de <strong>rappeurs<\/strong> de la nouvelle g\u00e9n\u00e9ration, des <strong>DJs<\/strong> balayant diff\u00e9rents courants, de la place pour les talents locaux,<strong> cinq sc\u00e8nes, un march\u00e9 nocturne<\/strong>, des sessions de stand-up, des cours de scratch ou des shows de danse. Sans oublier des \u00ab\u00a0X-tras\u00a0\u00bb organis\u00e9s dans d\u2019autres lieux .<\/p>\n<p><strong>Les derni\u00e8res trouvailles rap<\/strong><\/p>\n<p>C\u00f4t\u00e9 artistes, il y aura de quoi contenter les fous de rap, et particuli\u00e8rement les plus jeunes d\u2019entre eux. Qu\u2019il s\u2019agisse de <b>L2B<\/b>, groupe de la r\u00e9gion parisienne form\u00e9 par trois amis d\u2019enfance, du Lillois <b>H JeuneCrack<\/b> ou de <b>Jyeuhair,<\/b> r\u00e9v\u00e9l\u00e9 par l\u2019\u00e9mission Nouvelle \u00e9cole de Netflix, tous sont apparus assez r\u00e9cemment dans le paysage. \u00e0 24 ans, avec un disque d\u2019or r\u00e9colt\u00e9 en 2021, <b>1PLIKE140<\/b>, figure de proue de la drill fran\u00e7aise, ferait presque office d\u2019ancien.<\/p>\n<p>                                <strong>Un virage \u00ab\u00a0boutique festival\u00a0\u00bb et un \u00e9clectisme bien ancr\u00e9<\/strong><\/p>\n<p>Sans oublier son ADN d\u2019origine, le Crossover \u00e9volue doucement vers l\u2019esprit d\u2019un \u00ab\u00a0boutique festival\u00a0\u00bb, o\u00f9 la musique reste centrale mais s\u2019agr\u00e9mente de diverses activit\u00e9s. Une constante tout de m\u00eame: le d\u00e9sir de m\u00e9langer les genres.<\/p>\n<p>On y croisera ainsi les DJs <b>Mel V<\/b> et <b>Mel Woods<\/b>, deux femmes aux choix avant-gardistes et \u00e9clectiques. Mais aussi <b>Sena<\/b>, DJ et beatmaker branch\u00e9 hip-hop, afrobeat, soul, house et baile funk. Ou encore <b>Jarreau Vandal<\/b>, as des platines venu des Pays-Bas.<\/p>\n<p>Sans oublier la fine fleur locale, \u00e0 l\u2019image des deux complices d\u2019<b>Afroman Radio<\/b>, Sai et Sly Da Wise, ainsi que des collectifs <b>Episode<\/b> et <b>Twelty<\/b>.<\/p>\n<p>Concernant la danse, c\u2019est un peu le m\u00eame tableau, avec notamment <b>Reia Crew<\/b>, compagnie tourn\u00e9e vers le modern jazz, le classique, le hip-hop, l\u2019afro et le dancehall. Le collectif <b>Amapiano France<\/b>, lui, fait la part belle \u00e0 ce style venu d\u2019Afrique du Sud, tout en s\u2019int\u00e9ressant aux rythmes traditionnels africains.<\/p>\n<p><strong>Humour, karaok\u00e9, emplettes<\/strong><\/p>\n<p>Pour la premi\u00e8re fois, l\u2019\u00e9quipe du Bobar Comedy Club, phare du stand-up local situ\u00e9 dans le Vieux-Nice, viendra pr\u00e9senter ses p\u00e9pites de l\u2019humour. Et \u00e0 l\u2019image de ce qui a \u00e9t\u00e9 propos\u00e9 derni\u00e8rement aux Plages \u00e9lectro, un karaok\u00e9 g\u00e9ant permettra aussi aux festivaliers de se marrer un bon coup.<\/p>\n<p>Et quand il sera temps de faire un break, histoire de reposer un peu les oreilles et les guiboles, un crochet par l\u2019Urban Market, o\u00f9 des cr\u00e9ateurs de la r\u00e9gion proposeront leurs produits, s\u2019imposera.<\/p>\n<p>Crossover Festival. 5 et 6 septembre au 109, \u00e0 Nice. Billet 1 soir 25 euros, pass 2 jours 45 euros. Rens. festival-crossover.com\/billetterie<\/p>\n<p>            Des X-tras pour vivre le Crossover Festival autrement<\/p>\n<p>On vous a donc dit que le Crossover Festival d\u00e9buterait le 5 septembre. C\u2019est juste&#8230; et faux \u00e0 la fois, puisqu\u2019en parall\u00e8le des r\u00e9jouissances pr\u00e9vues au 109, d\u2019autres rendez-vous seront propos\u00e9s \u00e0 Nice, dans d\u2019autres lieux.<\/p>\n<p><strong>Un grand film de Spike Lee \u00e0 voir au port<\/strong><\/p>\n<p>Ces X-tras permettront peut-\u00eatre de toucher un public plus large encore. Ainsi, ce mercredi 3 septembre, \u00e0 20 h 30, le coup d\u2019envoi sera donn\u00e9 sur le quai de la Douane au port de Nice avec une projection en plein air. A l\u2019affiche: Do The Right Thing, classique de Spike Lee (1989) o\u00f9 les esprits s\u2019\u00e9chauffent \u00e0 Brooklyn, durant une intenable journ\u00e9e d\u2019\u00e9t\u00e9. Jusqu\u2019\u00e0 ce qu\u2019un drame survienne.<\/p>\n<p><strong>Maraboutage pour une Opening Party sur la plage Amour<\/strong><\/p>\n<p>Jeudi 4 septembre \u00e0 partir de 19 heures, direction la Plage Amour, o\u00f9 la saison aura d\u00e9cid\u00e9ment \u00e9t\u00e9 bien charg\u00e9e (et bient\u00f4t conclue avec le passage de Kavinsky, le 12 septembre, mais c\u2019est une autre histoire). Pour cette Opening Party, les cl\u00e9s seront confi\u00e9es au collectif Maraboutage. La promesse pour cette soir\u00e9e? \u00ab\u00a0De la house, des rythmes chauds et une \u00e9nergie contagieuse jusqu\u2019\u00e0 la nuit.\u00a0\u00bb<\/p>\n<p><strong>Les kids \u00e0 la f\u00eate \u00e0 la Micro-Folie 06<\/strong><\/p>\n<p>Vendredi 5 (14h-1 h) et samedi 6 (10h &#8211; 18h), des moments sympas attendront les enfants (\u00e0 partir de 3 ans) \u00e0 la Micro-Folie 06, espace num\u00e9rique g\u00e9r\u00e9 par le D\u00e9partement. Ateliers cr\u00e9atifs, jeux, quiz, et initiation aux musiques \u00e9lectroniques leur seront consacr\u00e9s.<\/p>\n<p>Billet pour l\u2019Opening Party \u00e0 11,66 euros. <a href=\"https:\/\/festival-crossover.com\/nos-events\/\" target=\"_blank\" rel=\"noopener\">Renseignement ici<\/a>.\u00a0<br \/>&#13;<br \/>\nProjection et acc\u00e8s \u00e0 la Micro-Folie gratuits.<\/p>\n","protected":false},"excerpt":{"rendered":"C\u2019est la rentr\u00e9e, et \u00e7a ne sert \u00e0 rien de le nier. Mais apr\u00e8s tout, l\u2019\u00e9t\u00e9 n\u2019est pas&hellip;\n","protected":false},"author":2,"featured_media":363389,"comment_status":"","ping_status":"","sticky":false,"template":"","format":"standard","meta":{"footnotes":""},"categories":[2819],"tags":[1111,11,4156,251,1777,674,1011,27,12,2401,882,25],"class_list":{"0":"post-363388","1":"post","2":"type-post","3":"status-publish","4":"format-standard","5":"has-post-thumbnail","7":"category-nice","8":"tag-actu","9":"tag-actualites","10":"tag-concerts","11":"tag-culture","12":"tag-eu","13":"tag-europe","14":"tag-fr","15":"tag-france","16":"tag-news","17":"tag-nice","18":"tag-provence-alpes-cote-dazur","19":"tag-republique-francaise"},"share_on_mastodon":{"url":"https:\/\/pubeurope.com\/@fr\/115140730869986738","error":""},"_links":{"self":[{"href":"https:\/\/www.europesays.com\/fr\/wp-json\/wp\/v2\/posts\/363388","targetHints":{"allow":["GET"]}}],"collection":[{"href":"https:\/\/www.europesays.com\/fr\/wp-json\/wp\/v2\/posts"}],"about":[{"href":"https:\/\/www.europesays.com\/fr\/wp-json\/wp\/v2\/types\/post"}],"author":[{"embeddable":true,"href":"https:\/\/www.europesays.com\/fr\/wp-json\/wp\/v2\/users\/2"}],"replies":[{"embeddable":true,"href":"https:\/\/www.europesays.com\/fr\/wp-json\/wp\/v2\/comments?post=363388"}],"version-history":[{"count":0,"href":"https:\/\/www.europesays.com\/fr\/wp-json\/wp\/v2\/posts\/363388\/revisions"}],"wp:featuredmedia":[{"embeddable":true,"href":"https:\/\/www.europesays.com\/fr\/wp-json\/wp\/v2\/media\/363389"}],"wp:attachment":[{"href":"https:\/\/www.europesays.com\/fr\/wp-json\/wp\/v2\/media?parent=363388"}],"wp:term":[{"taxonomy":"category","embeddable":true,"href":"https:\/\/www.europesays.com\/fr\/wp-json\/wp\/v2\/categories?post=363388"},{"taxonomy":"post_tag","embeddable":true,"href":"https:\/\/www.europesays.com\/fr\/wp-json\/wp\/v2\/tags?post=363388"}],"curies":[{"name":"wp","href":"https:\/\/api.w.org\/{rel}","templated":true}]}}