{"id":363390,"date":"2025-09-03T14:01:16","date_gmt":"2025-09-03T14:01:16","guid":{"rendered":"https:\/\/www.europesays.com\/fr\/363390\/"},"modified":"2025-09-03T14:01:16","modified_gmt":"2025-09-03T14:01:16","slug":"wissam-ben-yedder-condamne-a-nice-pour-violences-psychologiques-envers-son-epouse","status":"publish","type":"post","link":"https:\/\/www.europesays.com\/fr\/363390\/","title":{"rendered":"Wissam Ben Yedder condamn\u00e9 \u00e0 Nice pour violences psychologiques envers son \u00e9pouse"},"content":{"rendered":"<p>L\u2019ex-attaquant international de l\u2019AS Monaco a \u00e9t\u00e9 condamn\u00e9 \u00e0 une amende de 90.000 euros mais \u00e9vite la prison avec sursis qui avait \u00e9t\u00e9 requise. Il a quand m\u00eame fait appel.<\/p>\n<p class=\"fig-paragraph\">L\u2019ex-attaquant de l\u2019AS Monaco et de l\u2019\u00e9quipe de France\u00a0<a href=\"http:\/\/www.lefigaro.fr\/sports\/football\/viol-agression-sexuelle-fraude-fiscale-la-decheance-de-wissam-ben-yedder-juge-mardi-20241014\" data-fig-type=\"NewsFlash\" data-gtm-custom-categorie=\"navigation\" data-gtm-custom-action=\"crossclick\" data-gtm-custom-label=\"Contextuel\" data-gtm-event=\"customEventSPE\" data-fig-domain=\"LEFIGARO\" target=\"_blank\" rel=\"noopener\">Wissam Ben Yedder<\/a>\u00a0a \u00e9t\u00e9 condamn\u00e9 mercredi par le tribunal correctionnel de Nice \u00e0 90.000 euros d\u2019amende pour\u00a0<a href=\"http:\/\/www.lefigaro.fr\/sports\/football\/huit-mois-de-prison-avec-sursis-requis-contre-le-footballeur-wissam-ben-yedder-pour-violences-psychologiques-20250521\" data-fig-type=\"NewsFlash\" data-gtm-custom-categorie=\"navigation\" data-gtm-custom-action=\"crossclick\" data-gtm-custom-label=\"Contextuel\" data-gtm-event=\"customEventSPE\" data-fig-domain=\"LEFIGARO\" target=\"_blank\" rel=\"noopener\">des violences psychologiques sur son \u00e9pouse<\/a>, avec laquelle il est en instance de divorce. Absent au rendu du d\u00e9lib\u00e9r\u00e9, le joueur va faire appel, a annonc\u00e9 son avocate, Me Marie Roumiantseva.<\/p>\n<p class=\"fig-paragraph\">Actuellement sans club apr\u00e8s l\u2019expiration en juin 2024 de son contrat sur le Rocher, et malgr\u00e9 un court passage\u00a0<a href=\"http:\/\/www.lefigaro.fr\/flash-actu\/foot-l-international-francais-ben-yedder-signe-en-iran-au-sepahan-sc-20250402\" data-fig-type=\"NewsFlash\" data-gtm-custom-categorie=\"navigation\" data-gtm-custom-action=\"crossclick\" data-gtm-custom-label=\"Contextuel\" data-gtm-event=\"customEventSPE\" data-fig-domain=\"LEFIGARO\" target=\"_blank\" rel=\"noopener\">au Sepahan FC en Iran<\/a>\u00a0au printemps, Wissam Ben Yedder fait d\u00e9sormais davantage parler de lui devant les tribunaux. Apr\u00e8s une condamnation en Espagne pour\u00a0<a href=\"http:\/\/www.lefigaro.fr\/sports\/football\/foot-ben-yedder-condamne-a-six-mois-de-prison-avec-sursis-pour-fraude-fiscale-en-espagne-20230411\" data-fig-type=\"NewsFlash\" data-gtm-custom-categorie=\"navigation\" data-gtm-custom-action=\"crossclick\" data-gtm-custom-label=\"Contextuel\" data-gtm-event=\"customEventSPE\" data-fig-domain=\"LEFIGARO\" target=\"_blank\" rel=\"noopener\">fraude fiscale<\/a>\u00a0lorsqu\u2019il jouait \u00e0 S\u00e9ville, il a \u00e9t\u00e9 jug\u00e9 \u00e0 l\u2019automne 2024 pour\u00a0<a href=\"http:\/\/www.lefigaro.fr\/nice\/le-footballeur-wissam-ben-yedder-condamne-a-deux-ans-de-prison-avec-sursis-dans-son-affaire-d-agression-sexuelle-20241112\" data-fig-type=\"NewsFlash\" data-gtm-custom-categorie=\"navigation\" data-gtm-custom-action=\"crossclick\" data-gtm-custom-label=\"Contextuel\" data-gtm-event=\"customEventSPE\" data-fig-domain=\"LEFIGARO\" target=\"_blank\" rel=\"noopener\">des violences sexuelles sur une jeune femme<\/a>\u00a0lors d\u2019une nuit alcoolis\u00e9e quelques mois plus t\u00f4t. Condamn\u00e9 \u00e0 deux ans de prison avec sursis, il a fait appel.<\/p>\n<p>                                    <a class=\"fig-a11y-skip a11y-hidden\" href=\"#fig-a11y-skip-main-inarticle\"><br \/>\n        Passer la publicit\u00e9<br \/>\n    <\/a><\/p>\n<p class=\"fig-paragraph\">Il est \u00e9galement\u00a0<a href=\"http:\/\/www.lefigaro.fr\/sports\/football\/foot-le-parquet-de-nice-reclame-un-proces-pour-viol-contre-wissam-ben-yedder-ex-international-francais-20250528\" data-fig-type=\"NewsFlash\" data-gtm-custom-categorie=\"navigation\" data-gtm-custom-action=\"crossclick\" data-gtm-custom-label=\"Contextuel\" data-gtm-event=\"customEventSPE\" data-fig-domain=\"LEFIGARO\" target=\"_blank\" rel=\"noopener\">mis en examen pour viol<\/a>, tout comme son fr\u00e8re Sabri, apr\u00e8s des accusations de deux jeunes femmes rencontr\u00e9es lors d\u2019une soir\u00e9e \u00e0 l\u2019\u00e9t\u00e9 2023, que les deux hommes contestent. Fin mai, le parquet de Nice a requis un proc\u00e8s dans cette affaire et il revient d\u00e9sormais au juge d\u2019instruction de d\u00e9cider d\u2019un \u00e9ventuel renvoi devant la cour criminelle.<\/p>\n<p>Comportement agressif, gestes mena\u00e7ants<\/p>\n<p class=\"fig-paragraph\">Dans l\u2019affaire li\u00e9e au conflit conjugal, l\u2019audience en mai avait longuement \u00e9voqu\u00e9 la relation entre le joueur et son \u00e9pouse. Ils se sont rencontr\u00e9s en 2018, se sont mari\u00e9s fin 2021 et sont s\u00e9par\u00e9s de fait depuis mai 2023. Lui avait dit s\u2019\u00eatre senti trahi par son agent et son gestionnaire de fortune et avoir soup\u00e7onn\u00e9 sa femme d\u2019\u00eatre de m\u00e8che avec eux. Elle avait d\u00e9nonc\u00e9 un comportement irrespectueux, froid, agressif, humiliant, des propos et des gestes mena\u00e7ants.<\/p>\n<p class=\"fig-paragraph\">Rien qui n\u2019aurait pu \u00eatre g\u00e9r\u00e9 par le juge des affaires familiales saisi de la proc\u00e9dure de divorce, avait plaid\u00e9 la d\u00e9fense. Mais le tribunal a d\u00e9clar\u00e9 le joueur coupable, rappelant la violence des propos, l\u2019humiliation de l\u2019\u00e9pouse tromp\u00e9e alors m\u00eame qu\u2019elle \u00e9tait enceinte ou encore sa d\u00e9pendance financi\u00e8re au regard de leur train de vie\u00a0: elle avait arr\u00eat\u00e9 de travailler alors qu\u2019il gagnait \u00e0 l\u2019\u00e9poque 600.000 \u00e0 700.000 euros par mois \u00e0\u00a0<a href=\"https:\/\/www.lefigaro.fr\/story\/football-ligue1-2025-2026-3emejournee-monaco-vs-strasbourg-18029\" data-fig-type=\"Story\" data-gtm-custom-categorie=\"navigation\" data-gtm-custom-action=\"crossclick\" data-gtm-custom-label=\"Contextuel\" data-gtm-event=\"customEventSPE\" data-fig-domain=\"LEFIGARO\" target=\"_blank\" rel=\"noopener\">Monaco<\/a>.<\/p>\n<p class=\"fig-paragraph\">Le parquet avait requis huit mois de prison avec sursis et 10.000 euros d\u2019amende. Ben Yedder a \u00e9t\u00e9 condamn\u00e9 \u00e0 150 jours-amendes \u00e0 600 euros et \u00e0 verser plus de 60.000 euros \u00e0 son \u00e9pouse, une moiti\u00e9 en r\u00e9paration des dommages et l\u2019autre en frais de justice.<\/p>\n","protected":false},"excerpt":{"rendered":"L\u2019ex-attaquant international de l\u2019AS Monaco a \u00e9t\u00e9 condamn\u00e9 \u00e0 une amende de 90.000 euros mais \u00e9vite la prison&hellip;\n","protected":false},"author":2,"featured_media":363391,"comment_status":"","ping_status":"","sticky":false,"template":"","format":"standard","meta":{"footnotes":""},"categories":[2819],"tags":[1111,11,1777,674,63,1011,27,303,12,2401,882,25,798],"class_list":{"0":"post-363390","1":"post","2":"type-post","3":"status-publish","4":"format-standard","5":"has-post-thumbnail","7":"category-nice","8":"tag-actu","9":"tag-actualites","10":"tag-eu","11":"tag-europe","12":"tag-football","13":"tag-fr","14":"tag-france","15":"tag-justice","16":"tag-news","17":"tag-nice","18":"tag-provence-alpes-cote-dazur","19":"tag-republique-francaise","20":"tag-violences-conjugales"},"share_on_mastodon":{"url":"https:\/\/pubeurope.com\/@fr\/115140734632064002","error":""},"_links":{"self":[{"href":"https:\/\/www.europesays.com\/fr\/wp-json\/wp\/v2\/posts\/363390","targetHints":{"allow":["GET"]}}],"collection":[{"href":"https:\/\/www.europesays.com\/fr\/wp-json\/wp\/v2\/posts"}],"about":[{"href":"https:\/\/www.europesays.com\/fr\/wp-json\/wp\/v2\/types\/post"}],"author":[{"embeddable":true,"href":"https:\/\/www.europesays.com\/fr\/wp-json\/wp\/v2\/users\/2"}],"replies":[{"embeddable":true,"href":"https:\/\/www.europesays.com\/fr\/wp-json\/wp\/v2\/comments?post=363390"}],"version-history":[{"count":0,"href":"https:\/\/www.europesays.com\/fr\/wp-json\/wp\/v2\/posts\/363390\/revisions"}],"wp:featuredmedia":[{"embeddable":true,"href":"https:\/\/www.europesays.com\/fr\/wp-json\/wp\/v2\/media\/363391"}],"wp:attachment":[{"href":"https:\/\/www.europesays.com\/fr\/wp-json\/wp\/v2\/media?parent=363390"}],"wp:term":[{"taxonomy":"category","embeddable":true,"href":"https:\/\/www.europesays.com\/fr\/wp-json\/wp\/v2\/categories?post=363390"},{"taxonomy":"post_tag","embeddable":true,"href":"https:\/\/www.europesays.com\/fr\/wp-json\/wp\/v2\/tags?post=363390"}],"curies":[{"name":"wp","href":"https:\/\/api.w.org\/{rel}","templated":true}]}}