{"id":363396,"date":"2025-09-03T14:06:14","date_gmt":"2025-09-03T14:06:14","guid":{"rendered":"https:\/\/www.europesays.com\/fr\/363396\/"},"modified":"2025-09-03T14:06:14","modified_gmt":"2025-09-03T14:06:14","slug":"malgre-un-contexte-economique-difficile-la-ville-de-bordeaux-attire-toujours-les-touristes","status":"publish","type":"post","link":"https:\/\/www.europesays.com\/fr\/363396\/","title":{"rendered":"malgr\u00e9 un contexte \u00e9conomique difficile, la ville de Bordeaux attire toujours les touristes"},"content":{"rendered":"<p>Malgr\u00e9 un repli de la client\u00e8le britannique et ib\u00e9rique, la fr\u00e9quentation reste satisfaisante notamment gr\u00e2ce \u00e0 l\u2019arriv\u00e9e des Canadiens, en partie li\u00e9e au renfort des liaisons a\u00e9riennes. Ainsi, le nombre global des nuit\u00e9es marchandes perd seulement 2,6\u00a0% par rapport \u00e0 la m\u00eame p\u00e9riode l\u2019ann\u00e9e derni\u00e8re. Pour les mois de juillet et d\u2019ao\u00fbt, les chiffres h\u00f4teliers, encore en cours de consolidation, \u00ab\u00a0se dirigent vers une tendance \u00e0 la stabilit\u00e9, voire \u00e0 la hausse\u00a0\u00bb.<\/p>\n<p>Activit\u00e9s loisirs en baisse<\/p>\n<p>Pourtant, du c\u00f4t\u00e9 des activit\u00e9s loisirs, Bordeaux fait grise mine. Touch\u00e9es par un contexte national \u00e9conomique bien morose, ces derni\u00e8res enregistrent une baisse de 7\u00a0% et les lieux culturels bordelais, une baisse du nombre d\u2019entr\u00e9es de 12\u00a0%\u00a0; une chute \u00ab\u00a0accentu\u00e9e par la <a href=\"https:\/\/www.sudouest.fr\/gironde\/bordeaux\/bordeaux-le-musee-d-aquitaine-va-fermer-six-mois-pour-travaux-a-partir-de-debut-novembre-21706926.php\" target=\"_blank\" rel=\"follow nofollow noopener\">fermeture du mus\u00e9e d&rsquo;Aquitaine<\/a> pendant les quatre premiers mois de l\u2019ann\u00e9e\u00a0\u00bb.<\/p>\n<p>\u00c0 noter \u00e9galement, le l\u00e9ger recul des \u00e9v\u00e9nements li\u00e9s au tourisme d\u2019affaire, et de la chute du nombre de participants (20\u00a0%). Ces baisses sont pourtant compens\u00e9es avec la hausse du nombre de journ\u00e9es congr\u00e8s, qui atteignent 325\u00a0000 (+\u00a05,9\u00a0%). Les retomb\u00e9es \u00e9conomiques du tourisme d\u2019affaires sont estim\u00e9es \u00e0 123,6\u00a0millions d\u2019euros.<\/p>\n<p>Enqu\u00eates de satisfaction<\/p>\n<p>Conjointement \u00e0 ce bilan, l\u2019office de tourisme a \u00e9galement fait appel \u00e0 TCI Research afin de r\u00e9aliser deux \u00e9tudes de satisfaction aupr\u00e8s des visiteurs de Bordeaux et des habitants de la m\u00e9tropole. Selon le premier sondage, les touristes sont globalement satisfaits de leur visite de la capitale de la Gironde avec un score de sept points au-dessus de la norme de r\u00e9f\u00e9rence. Les visites culturelles ont \u00e9t\u00e9 particuli\u00e8rement pl\u00e9biscit\u00e9es et \u00ab\u00a0cit\u00e9es \u00e0 89\u00a0% parmi les activit\u00e9s effectu\u00e9es dans la ville\u00a0\u00bb. Parmi les trois lieux les plus fr\u00e9quent\u00e9s, on retrouve le miroir d\u2019eau, la Cit\u00e9 du Vin et la porte Cailhau.<\/p>\n","protected":false},"excerpt":{"rendered":"Malgr\u00e9 un repli de la client\u00e8le britannique et ib\u00e9rique, la fr\u00e9quentation reste satisfaisante notamment gr\u00e2ce \u00e0 l\u2019arriv\u00e9e des&hellip;\n","protected":false},"author":2,"featured_media":363397,"comment_status":"","ping_status":"","sticky":false,"template":"","format":"standard","meta":{"footnotes":""},"categories":[2817],"tags":[1111,11,1997,1777,674,1011,27,12,2219,25],"class_list":{"0":"post-363396","1":"post","2":"type-post","3":"status-publish","4":"format-standard","5":"has-post-thumbnail","7":"category-bordeaux","8":"tag-actu","9":"tag-actualites","10":"tag-bordeaux","11":"tag-eu","12":"tag-europe","13":"tag-fr","14":"tag-france","15":"tag-news","16":"tag-nouvelle-aquitaine","17":"tag-republique-francaise"},"share_on_mastodon":{"url":"https:\/\/pubeurope.com\/@fr\/115140754429148836","error":""},"_links":{"self":[{"href":"https:\/\/www.europesays.com\/fr\/wp-json\/wp\/v2\/posts\/363396","targetHints":{"allow":["GET"]}}],"collection":[{"href":"https:\/\/www.europesays.com\/fr\/wp-json\/wp\/v2\/posts"}],"about":[{"href":"https:\/\/www.europesays.com\/fr\/wp-json\/wp\/v2\/types\/post"}],"author":[{"embeddable":true,"href":"https:\/\/www.europesays.com\/fr\/wp-json\/wp\/v2\/users\/2"}],"replies":[{"embeddable":true,"href":"https:\/\/www.europesays.com\/fr\/wp-json\/wp\/v2\/comments?post=363396"}],"version-history":[{"count":0,"href":"https:\/\/www.europesays.com\/fr\/wp-json\/wp\/v2\/posts\/363396\/revisions"}],"wp:featuredmedia":[{"embeddable":true,"href":"https:\/\/www.europesays.com\/fr\/wp-json\/wp\/v2\/media\/363397"}],"wp:attachment":[{"href":"https:\/\/www.europesays.com\/fr\/wp-json\/wp\/v2\/media?parent=363396"}],"wp:term":[{"taxonomy":"category","embeddable":true,"href":"https:\/\/www.europesays.com\/fr\/wp-json\/wp\/v2\/categories?post=363396"},{"taxonomy":"post_tag","embeddable":true,"href":"https:\/\/www.europesays.com\/fr\/wp-json\/wp\/v2\/tags?post=363396"}],"curies":[{"name":"wp","href":"https:\/\/api.w.org\/{rel}","templated":true}]}}