{"id":363398,"date":"2025-09-03T14:07:10","date_gmt":"2025-09-03T14:07:10","guid":{"rendered":"https:\/\/www.europesays.com\/fr\/363398\/"},"modified":"2025-09-03T14:07:10","modified_gmt":"2025-09-03T14:07:10","slug":"des-ossements-humains-retrouves-pres-dun-lac","status":"publish","type":"post","link":"https:\/\/www.europesays.com\/fr\/363398\/","title":{"rendered":"des ossements humains retrouv\u00e9s pr\u00e8s d&rsquo;un lac"},"content":{"rendered":"<p>            Par<br \/>\n        <strong><br \/>\n            <a href=\"https:\/\/actu.fr\/auteur\/david-saint-sernin\" title=\"Consulter tous les articles de David Saint-Sernin\" rel=\"nofollow noopener\" target=\"_blank\">David Saint-Sernin<\/a><br \/>\n        <\/strong><\/p>\n<p>        Publi\u00e9 le<\/p>\n<p>            3 sept. 2025 \u00e0 15h41        <\/p>\n<p>Macabre d\u00e9couverte <a href=\"https:\/\/actu.fr\/toulouse\/\" rel=\"nofollow noopener\" target=\"_blank\">pr\u00e8s de Toulouse<\/a>. Mardi 2\u00a0septembre 2025, un sac \u00e0 dos et des ossements humains ont \u00e9t\u00e9 d\u00e9couverts <strong>au bord du lac des P\u00eacheurs<\/strong> \u00e0 <a href=\"https:\/\/actu.fr\/occitanie\/tournefeuille_31557\" rel=\"nofollow noopener\" target=\"_blank\">Tournefeuille (Haute-Garonne)<\/a>, pr\u00e8s de Toulouse.<\/p>\n<p class=\" wall-content\">Une information r\u00e9v\u00e9l\u00e9e par nos confr\u00e8res de <a href=\"https:\/\/www.ladepeche.fr\/2025\/09\/03\/info-la-depeche-macabre-decouverte-au-bord-dun-lac-ce-pourrait-etre-une-personne-portee-disparue-depuis-des-mois-12907879.php\" rel=\"nofollow noopener\" target=\"_blank\">La D\u00e9p\u00eache du Midi <\/a>et confirm\u00e9e \u00e0 Actu Toulouse par le parquet de Toulouse.<\/p>\n<p>Un sac \u00e0 dos et des ossements d\u00e9couverts<\/p>\n<p class=\" wall-content\">Ce mardi, un passant a d\u00e9couvert un sac \u00e0 dos, avec des ossements juste \u00e0 c\u00f4t\u00e9. Le tout dissimul\u00e9 dans des ronces. Il \u00e9tait 15h30. La police s\u2019est rendue imm\u00e9diatement sur place. Un p\u00e9rim\u00e8tre de s\u00e9curit\u00e9 a \u00e9t\u00e9 \u00e9tabli pour r\u00e9cup\u00e9rer le sac \u00e0 dos et pr\u00e9lever les ossements.<\/p>\n<p class=\" wall-content\">Les autorit\u00e9s ont alors pu confirmer que ces os \u00e9taient ceux d\u2019un humain. Dans le sac \u00e0 dos, les policiers ont \u00e9galement retrouv\u00e9 des objets rattach\u00e9s \u00e0 une personne disparue il y a plusieurs mois. Une personne recherch\u00e9e par la police.<\/p>\n<p>Analyse des ossements<\/p>\n<p class=\" wall-content\">\u00ab\u2009Ce sac \u00e0 dos contient des \u00e9l\u00e9ments d\u2019identification d\u2019une personne disparue depuis plusieurs mois et recherch\u00e9e. Mais en l\u2019\u00e9tat actuel des choses, il va falloir attendre les r\u00e9sultats des analyses des ossements pour \u00e9tablir un lien formel entre les ossements retrouv\u00e9s et la personne identifi\u00e9e avec les \u00e9l\u00e9ments trouv\u00e9s dans le sac \u00e0 dos\u2009\u00bb, insiste le parquet de Toulouse.<\/p>\n<p>L\u2019ADN devra tarder<\/p>\n<p class=\" wall-content\">Les ossements pr\u00e9lev\u00e9s pr\u00e8s du lac vont \u00eatre transport\u00e9s \u00e0 l\u2019institut m\u00e9dico-l\u00e9gal pour expertise et datation. Des analyses ADN vont \u00eatre men\u00e9es. Elles permettront de confirmer (ou pas) que le sac \u00e0 dos appartenait \u00e0 la personne dont le corps vient d\u2019\u00eatre d\u00e9couvert.<\/p>\n<p>Vid\u00e9os : en ce moment sur Actu<\/p>\n<p class=\" wall-content\">\u00ab\u2009Cela pourrait prendre quelques semaines\u2009\u00bb, pr\u00e9cise le parquet.<\/p>\n<p class=\" wall-content\">Suicide ou intervention d\u2019un tiers dans le d\u00e9c\u00e8s de cette personne\u2009? Toutes les pistes restent ouvertes dans le cadre de l\u2019enqu\u00eate qui d\u00e9bute.<\/p>\n<p>Votre r\u00e9gion, votre actu !<\/p>\n<p>Recevez chaque jour les infos qui comptent pour vous.<\/p>\n<p>\t<a href=\"https:\/\/actu.fr\/newsletter\" class=\"ac-btn ac-btn--corner ac-btn--medium ac-btn--blue800\" rel=\"nofollow noopener\" target=\"_blank\">S&rsquo;incrire<\/a><\/p>\n<p>    <a href=\"https:\/\/www.google.com\/maps\/embed?pb=!1m18!1m12!1m3!1d56592.23734155442!2d1.3216763777151133!3d43.59422196999843!2m3!1f0!2f0!3f0!3m2!1i1024!2i768!4f13.1!3m3!1m2!1s0x12aeb19a5aa1881b%3A0x5868adbc60bc4668!2sLac%20des%20p%C3%AAcheurs!5e0!3m2!1sfr!2sfr!4v1756906526126!5m2!1sfr!2sfr\" title=\"Ouvrie le lien\" rel=\"nofollow noopener\" target=\"_blank\">Cliquez ici pour visualiser le contenu<\/a><\/p>\n<p class=\" wall-content\">Personnalisez votre actualit\u00e9 en ajoutant vos villes et m\u00e9dias en favori avec <a href=\"https:\/\/moncompte.actu.fr\" title=\"D\u00e9couvez Mon Actu\" rel=\"nofollow noopener\" data-trk=\"{&quot;cta&quot;:{&quot;action&quot;:&quot;https:\\\/\\\/moncompte.actu.fr&quot;,&quot;category&quot;:&quot;mon compte&quot;,&quot;from&quot;:&quot;article footer&quot;,&quot;name&quot;:&quot;Mon actu&quot;,&quot;type&quot;:&quot;cta&quot;}}\" target=\"_blank\">Mon Actu<\/a>.<\/p>\n","protected":false},"excerpt":{"rendered":"Par David Saint-Sernin Publi\u00e9 le 3 sept. 2025 \u00e0 15h41 Macabre d\u00e9couverte pr\u00e8s de Toulouse. Mardi 2\u00a0septembre 2025,&hellip;\n","protected":false},"author":2,"featured_media":363399,"comment_status":"","ping_status":"","sticky":false,"template":"","format":"standard","meta":{"footnotes":""},"categories":[2816],"tags":[1111,11,1777,674,1011,27,12,2680,1072,25,104,2312],"class_list":{"0":"post-363398","1":"post","2":"type-post","3":"status-publish","4":"format-standard","5":"has-post-thumbnail","7":"category-toulouse","8":"tag-actu","9":"tag-actualites","10":"tag-eu","11":"tag-europe","12":"tag-fr","13":"tag-france","14":"tag-news","15":"tag-occitanie","16":"tag-police","17":"tag-republique-francaise","18":"tag-societe","19":"tag-toulouse"},"share_on_mastodon":{"url":"https:\/\/pubeurope.com\/@fr\/115140758324251053","error":""},"_links":{"self":[{"href":"https:\/\/www.europesays.com\/fr\/wp-json\/wp\/v2\/posts\/363398","targetHints":{"allow":["GET"]}}],"collection":[{"href":"https:\/\/www.europesays.com\/fr\/wp-json\/wp\/v2\/posts"}],"about":[{"href":"https:\/\/www.europesays.com\/fr\/wp-json\/wp\/v2\/types\/post"}],"author":[{"embeddable":true,"href":"https:\/\/www.europesays.com\/fr\/wp-json\/wp\/v2\/users\/2"}],"replies":[{"embeddable":true,"href":"https:\/\/www.europesays.com\/fr\/wp-json\/wp\/v2\/comments?post=363398"}],"version-history":[{"count":0,"href":"https:\/\/www.europesays.com\/fr\/wp-json\/wp\/v2\/posts\/363398\/revisions"}],"wp:featuredmedia":[{"embeddable":true,"href":"https:\/\/www.europesays.com\/fr\/wp-json\/wp\/v2\/media\/363399"}],"wp:attachment":[{"href":"https:\/\/www.europesays.com\/fr\/wp-json\/wp\/v2\/media?parent=363398"}],"wp:term":[{"taxonomy":"category","embeddable":true,"href":"https:\/\/www.europesays.com\/fr\/wp-json\/wp\/v2\/categories?post=363398"},{"taxonomy":"post_tag","embeddable":true,"href":"https:\/\/www.europesays.com\/fr\/wp-json\/wp\/v2\/tags?post=363398"}],"curies":[{"name":"wp","href":"https:\/\/api.w.org\/{rel}","templated":true}]}}