{"id":363400,"date":"2025-09-03T14:08:11","date_gmt":"2025-09-03T14:08:11","guid":{"rendered":"https:\/\/www.europesays.com\/fr\/363400\/"},"modified":"2025-09-03T14:08:11","modified_gmt":"2025-09-03T14:08:11","slug":"a-toulouse-des-impacts-de-balles-retrouves-dans-la-fenetre-dun-appartement-et-des-voitures-garees-au-mirail","status":"publish","type":"post","link":"https:\/\/www.europesays.com\/fr\/363400\/","title":{"rendered":"\u00c0 Toulouse, des impacts de balles retrouv\u00e9s dans la fen\u00eatre d&rsquo;un appartement et des voitures gar\u00e9es au Mirail"},"content":{"rendered":"<p>Des impacts de balles ont \u00e9t\u00e9 retrouv\u00e9s dans une fen\u00eatre et des voitures du quartier Bellefontaine \u00e0 Toulouse apr\u00e8s des tirs dans la nuit du mardi 2 au mercredi 3 septembre. Il n&rsquo;y a pas de bless\u00e9s mais une vingtaine de cartouches ont \u00e9t\u00e9 trouv\u00e9es sur les lieux.<\/p>\n<p>Grosse frayeur pour des habitants du passage Duhamel quartier Bellefontaine au Mirail \u00e0 Toulouse. Une balle de fusil a <strong>travers\u00e9 la vitre d&rsquo;un appartement.<\/strong> Deux voitures du quartier ont \u00e9galement \u00e9t\u00e9 abim\u00e9es.<\/p>\n<p>Une vingtaine de tirs pr\u00e8s des immeubles<\/p>\n<p>Appel\u00e9e en urgence, une patrouille de police s&rsquo;est retrouv\u00e9e <strong>nez \u00e0 nez avec quatre personnes arm\u00e9es<\/strong>. Ils ont mis les policiers en joug avant de prendre la fuite, sans avoir pu \u00eatre identifi\u00e9s. Sur place, les fonctionnaires ont d\u00e9couverts pas moins de 19\u00a0\u00e9tuis de balles, probablement de <strong>type fusil d&rsquo;assaut\/Kalachnikov.<\/strong> Le v\u00e9hicule des fuyards a \u00e9t\u00e9 retrouv\u00e9 un peu plus tard par les services calcin\u00e9 pour effacer les preuves.<\/p>\n<p>L&rsquo;enqu\u00eate a \u00e9t\u00e9 confi\u00e9e au service interd\u00e9partemental de la police judiciaire (SIPJ). Toujours quartier Bellefontaine, <strong>deux semaines auparavant, un homme de 23 ans a \u00e9t\u00e9 tu\u00e9 par balle \u00e0 400 m\u00e8tres du passage<\/strong> o\u00f9 des coups de kalashnikov ont \u00e9t\u00e9 tir\u00e9s.<\/p>\n<p>\u00c0 lire aussi   <img decoding=\"async\" src=\"https:\/\/www.europesays.com\/fr\/wp-content\/uploads\/2025\/09\/1756908491_756_560x315\" alt=\"Les deux \u00e9v\u00e9nements ont eu lieu \u00e0 quelques heures d'intervalles au Mirail (illustration).\" style=\"--_image-preview:url('data:image\/jpeg;base64,\/9j\/2wBDACgcHiMeGSgjISMtKygwPGRBPDc3PHtYXUlkkYCZlo+AjIqgtObDoKrarYqMyP\/L2u71\/\/\/\/m8H\/\/\/\/6\/+b9\/\/j\/2wBDASstLTw1PHZBQXb4pYyl+Pj4+Pj4+Pj4+Pj4+Pj4+Pj4+Pj4+Pj4+Pj4+Pj4+Pj4+Pj4+Pj4+Pj4+Pj4+Pj4+Pj\/wAARCAAXACoDASIAAhEBAxEB\/8QAFwABAQEBAAAAAAAAAAAAAAAAAAECA\/\/EABYQAQEBAAAAAAAAAAAAAAAAAAABEf\/EABYBAQEBAAAAAAAAAAAAAAAAAAIAAf\/EABURAQEAAAAAAAAAAAAAAAAAAAAB\/9oADAMBAAIRAxEAPwDlq6wsCFWtShTFis43UxqaAFqoBRCA1P\/Z');\" loading=\"lazy\" fetchpriority=\"low\" aria-hidden=\"true\" class=\"svelte-1pnmlwx rounded\" onload=\"this.__e=event\" onerror=\"this.__e=event\"\/><\/p>\n","protected":false},"excerpt":{"rendered":"Des impacts de balles ont \u00e9t\u00e9 retrouv\u00e9s dans une fen\u00eatre et des voitures du quartier Bellefontaine \u00e0 Toulouse&hellip;\n","protected":false},"author":2,"featured_media":363401,"comment_status":"","ping_status":"","sticky":false,"template":"","format":"standard","meta":{"footnotes":""},"categories":[2816],"tags":[1111,11,1777,674,1011,27,12,2680,25,2312],"class_list":{"0":"post-363400","1":"post","2":"type-post","3":"status-publish","4":"format-standard","5":"has-post-thumbnail","7":"category-toulouse","8":"tag-actu","9":"tag-actualites","10":"tag-eu","11":"tag-europe","12":"tag-fr","13":"tag-france","14":"tag-news","15":"tag-occitanie","16":"tag-republique-francaise","17":"tag-toulouse"},"share_on_mastodon":{"url":"https:\/\/pubeurope.com\/@fr\/115140762282881397","error":""},"_links":{"self":[{"href":"https:\/\/www.europesays.com\/fr\/wp-json\/wp\/v2\/posts\/363400","targetHints":{"allow":["GET"]}}],"collection":[{"href":"https:\/\/www.europesays.com\/fr\/wp-json\/wp\/v2\/posts"}],"about":[{"href":"https:\/\/www.europesays.com\/fr\/wp-json\/wp\/v2\/types\/post"}],"author":[{"embeddable":true,"href":"https:\/\/www.europesays.com\/fr\/wp-json\/wp\/v2\/users\/2"}],"replies":[{"embeddable":true,"href":"https:\/\/www.europesays.com\/fr\/wp-json\/wp\/v2\/comments?post=363400"}],"version-history":[{"count":0,"href":"https:\/\/www.europesays.com\/fr\/wp-json\/wp\/v2\/posts\/363400\/revisions"}],"wp:featuredmedia":[{"embeddable":true,"href":"https:\/\/www.europesays.com\/fr\/wp-json\/wp\/v2\/media\/363401"}],"wp:attachment":[{"href":"https:\/\/www.europesays.com\/fr\/wp-json\/wp\/v2\/media?parent=363400"}],"wp:term":[{"taxonomy":"category","embeddable":true,"href":"https:\/\/www.europesays.com\/fr\/wp-json\/wp\/v2\/categories?post=363400"},{"taxonomy":"post_tag","embeddable":true,"href":"https:\/\/www.europesays.com\/fr\/wp-json\/wp\/v2\/tags?post=363400"}],"curies":[{"name":"wp","href":"https:\/\/api.w.org\/{rel}","templated":true}]}}