{"id":363404,"date":"2025-09-03T14:12:19","date_gmt":"2025-09-03T14:12:19","guid":{"rendered":"https:\/\/www.europesays.com\/fr\/363404\/"},"modified":"2025-09-03T14:12:19","modified_gmt":"2025-09-03T14:12:19","slug":"a-marseille-des-temoins-racontent-le-periple-meurtrier-dabdelkader-d","status":"publish","type":"post","link":"https:\/\/www.europesays.com\/fr\/363404\/","title":{"rendered":"\u00e0 Marseille, des t\u00e9moins racontent le p\u00e9riple meurtrier d\u2019Abdelkader D."},"content":{"rendered":"<p><strong>REPORTAGE<\/strong> &#8211; Arm\u00e9 de deux couteaux et d\u2019une matraque, ce Tunisien de 35 ans s\u2019en est pris \u00e0 plusieurs riverains du centre-ville, mardi, blessant cinq personnes dans une rage incontr\u00f4lable avant d\u2019\u00eatre abattu par la police.<\/p>\n<p class=\"fig-paragraph\">\u00abOn a entendu des cris, j\u2019ai cru que c\u2019\u00e9taient des jeunes qui s\u2019amusaient. Puis, le fils du patron est entr\u00e9 chez moi. Il \u00e9tait bless\u00e9 au dos et hurlait\u00a0: \u201cIl m\u2019a d\u00e9chir\u00e9\u00a0!\u201d\u00bb, se rem\u00e9more avec pr\u00e9cision Houcine, profond\u00e9ment marqu\u00e9 par ce qu\u2019il a vu mardi apr\u00e8s-midi. Comme de nombreux riverains de la rue des Petites Maries, cet employ\u00e9 d\u2019un bureau d\u2019aide administrative a \u00e9t\u00e9 un t\u00e9moin direct du\u00a0<a href=\"http:\/\/www.lefigaro.fr\/faits-divers\/j-avais-peur-qu-il-me-tue-le-terrible-temoignage-de-l-ex-femme-du-tunisien-abattu-a-marseille-20250903\" data-fig-type=\"NewsFlash\" data-gtm-custom-categorie=\"navigation\" data-gtm-custom-action=\"crossclick\" data-gtm-custom-label=\"Contextuel\" data-gtm-event=\"customEventSPE\" data-fig-domain=\"LEFIGARO\" target=\"_blank\" rel=\"noopener\">p\u00e9riple meurtrier d\u2019Abdelkader D<\/a>.<\/p>\n<p class=\"fig-paragraph\">Le Tunisien de 35 ans, arriv\u00e9 clandestinement en France en 2018 et inscrit au fichier du traitement des ant\u00e9c\u00e9dents judiciaires (TAJ)\u00a0<a href=\"http:\/\/www.lefigaro.fr\/marseille\/marseille-un-homme-tue-par-des-tirs-policiers-apres-avoir-blesse-plusieurs-personnes-au-couteau-dans-un-hotel-20250902\" data-fig-type=\"NewsFlash\" data-gtm-custom-categorie=\"navigation\" data-gtm-custom-action=\"crossclick\" data-gtm-custom-label=\"Contextuel\" data-gtm-event=\"customEventSPE\" data-fig-domain=\"LEFIGARO\" target=\"_blank\" rel=\"noopener\">a bless\u00e9 cinq personnes en plein c\u0153ur de Marseille<\/a>\u00a0avant d\u2019\u00eatre abattu par une patrouille de la police aux fronti\u00e8res (PAF). La sc\u00e8ne, film\u00e9e par plusieurs passants incr\u00e9dules, montre un individu mena\u00e7ant d\u00e9ambuler dans les rues du quartier de Belsunce arm\u00e9 de deux couteaux et d\u2019une matraque. L\u2019homme avait alors d\u00e9j\u00e0 eu le temps de faire trois victimes, dont l\u2019ancien colocataire avec qui il avait partag\u00e9 une chambre d\u2019h\u00f4tel\u2026<\/p>\n<p class=\"fig-premium-paywall__infos\">\n        Cet article est r\u00e9serv\u00e9 aux abonn\u00e9s.        Il vous reste 81% \u00e0 d\u00e9couvrir.\n    <\/p>\n<p>                <img  data- alt=\"Le Figaro\" class=\"fig-img--complete fig-img\"\/><\/p>\n<p class=\"fig-premium-paywall__title\">Vente Flash<\/p>\n<p class=\"fig-premium-paywall__subtitle\">4,99\u20ac par mois pendant 12 mois. Sans engagement<\/p>\n<p class=\"fig-premium-paywall__connect\">\n                D\u00e9j\u00e0 abonn\u00e9\u00a0?                <a class=\"fig-premium-paywall__connect-link\" href=\"https:\/\/connect.lefigaro.fr\/login?client=horizon_web&amp;type=main&amp;redirect_uri=https%3A%2F%2Fwww.lefigaro.fr%2Fmarseille%2Fle-fils-du-patron-etait-blesse-au-dos-et-hurlait-a-marseille-des-temoins-racontent-le-periple-meurtrier-d-abdelkader-d-20250903\" data-js-gtm=\"{&quot;customCategorie&quot;: &quot;conversion&quot;, &quot;customAction&quot;: &quot;before_Landing_Connexion_paywall_auto&quot;, &quot;customLabel&quot;: &quot;bGVmaWdhcm8uZnJfXzFmMDg4YjczLTVhNjgtNjk4Ni05ZjYyLWM3MjJiNWYyZmNkM19fTmV3c0ZsYXNo_\u00abLe fils du patron \u00e9tait bless\u00e9 au dos et hurlait\u00bb\u00a0: \u00e0 Marseille, des t\u00e9moins racontent le p\u00e9riple meurtrier d\u2019Abdelkader D._559&quot;, &quot;customIDSPE&quot;: &quot;bGVmaWdhcm8uZnJfXzFmMDg4YjczLTVhNjgtNjk4Ni05ZjYyLWM3MjJiNWYyZmNkM19fTmV3c0ZsYXNo&quot;, &quot;event&quot;: &quot;customEventSPE&quot;}\" target=\"_blank\" rel=\"noopener\"><br \/>\n                    Connectez-vous<br \/>\n                <\/a>\n            <\/p>\n","protected":false},"excerpt":{"rendered":"REPORTAGE &#8211; Arm\u00e9 de deux couteaux et d\u2019une matraque, ce Tunisien de 35 ans s\u2019en est pris \u00e0&hellip;\n","protected":false},"author":2,"featured_media":363405,"comment_status":"","ping_status":"","sticky":false,"template":"","format":"standard","meta":{"footnotes":""},"categories":[2814],"tags":[1111,11,14118,1777,674,1011,27,884,12,1072,882,25],"class_list":{"0":"post-363404","1":"post","2":"type-post","3":"status-publish","4":"format-standard","5":"has-post-thumbnail","7":"category-marseille","8":"tag-actu","9":"tag-actualites","10":"tag-attaque-au-couteau","11":"tag-eu","12":"tag-europe","13":"tag-fr","14":"tag-france","15":"tag-marseille","16":"tag-news","17":"tag-police","18":"tag-provence-alpes-cote-dazur","19":"tag-republique-francaise"},"share_on_mastodon":{"url":"https:\/\/pubeurope.com\/@fr\/115140778008166440","error":""},"_links":{"self":[{"href":"https:\/\/www.europesays.com\/fr\/wp-json\/wp\/v2\/posts\/363404","targetHints":{"allow":["GET"]}}],"collection":[{"href":"https:\/\/www.europesays.com\/fr\/wp-json\/wp\/v2\/posts"}],"about":[{"href":"https:\/\/www.europesays.com\/fr\/wp-json\/wp\/v2\/types\/post"}],"author":[{"embeddable":true,"href":"https:\/\/www.europesays.com\/fr\/wp-json\/wp\/v2\/users\/2"}],"replies":[{"embeddable":true,"href":"https:\/\/www.europesays.com\/fr\/wp-json\/wp\/v2\/comments?post=363404"}],"version-history":[{"count":0,"href":"https:\/\/www.europesays.com\/fr\/wp-json\/wp\/v2\/posts\/363404\/revisions"}],"wp:featuredmedia":[{"embeddable":true,"href":"https:\/\/www.europesays.com\/fr\/wp-json\/wp\/v2\/media\/363405"}],"wp:attachment":[{"href":"https:\/\/www.europesays.com\/fr\/wp-json\/wp\/v2\/media?parent=363404"}],"wp:term":[{"taxonomy":"category","embeddable":true,"href":"https:\/\/www.europesays.com\/fr\/wp-json\/wp\/v2\/categories?post=363404"},{"taxonomy":"post_tag","embeddable":true,"href":"https:\/\/www.europesays.com\/fr\/wp-json\/wp\/v2\/tags?post=363404"}],"curies":[{"name":"wp","href":"https:\/\/api.w.org\/{rel}","templated":true}]}}