{"id":363406,"date":"2025-09-03T14:13:16","date_gmt":"2025-09-03T14:13:16","guid":{"rendered":"https:\/\/www.europesays.com\/fr\/363406\/"},"modified":"2025-09-03T14:13:16","modified_gmt":"2025-09-03T14:13:16","slug":"lyon-la-chaine-de-lespoir-recherche-des-benevoles-pour-accompagner-des-enfants-hospitalises","status":"publish","type":"post","link":"https:\/\/www.europesays.com\/fr\/363406\/","title":{"rendered":"Lyon. La Cha\u00eene de l\u2019Espoir recherche des b\u00e9n\u00e9voles pour accompagner des enfants hospitalis\u00e9s"},"content":{"rendered":"<p>Fond\u00e9e en 1994, la Cha\u00eene de l\u2019Espoir a pour objectif d\u2019am\u00e9liorer l\u2019acc\u00e8s aux soins chirurgicaux des enfants. Depuis 2022, la Cha\u00eene de l\u2019Espoir a d\u00e9velopp\u00e9 un programme d\u2019accompagnement des enfants hospitalis\u00e9s de longue dur\u00e9e avec les Hospices civils de Lyon et l\u2019Institut d\u2019H\u00e9matologie et d\u2019Oncologie P\u00e9diatrique. L\u2019ONG recherche actuellement de nouveaux b\u00e9n\u00e9voles pour rejoindre \u00ab\u00a0l\u2019\u00e9quipe des marraines et parrains soleil \u00e0 Lyon\u00a0\u00bb.<\/p>\n<p>\u00ab\u00a0Chaque b\u00e9n\u00e9vole est d\u00e9di\u00e9 \u00e0 un enfant qu\u2019il accompagne tout le temps de son hospitalisation. Par sa pr\u00e9sence, ses \u00e9changes et ses jeux, le parrain ou la marraine aide l\u2019enfant \u00e0 rompre avec la solitude et \u00e0 traverser plus sereinement cette \u00e9preuve, en att\u00e9nuant les carences affectives li\u00e9es \u00e0 la s\u00e9paration et \u00e0 l\u2019\u00e9loignement familial\u00a0\u00bb, <a href=\"https:\/\/www.leprogres.fr\/sante\/2022\/12\/04\/la-chaine-de-l-espoir-accueille-un-nouveau-jeune-patient\" target=\"_blank\" rel=\"nofollow noopener\">explique l\u2019association<\/a> dans un communiqu\u00e9.<\/p>\n<p>En 2024, 21 enfants ont \u00e9t\u00e9 accompagn\u00e9s \u00e0 Lyon par 14 marraines et parrains soleil, avec une dur\u00e9e moyenne d\u2019accompagnement de 2 mois.<\/p>\n<p>Des entretiens de s\u00e9lection auront lieu le samedi 13\u00a0septembre suivis d\u2019une formation obligatoire les\u00a027 et 28\u00a0septembre. Les personnes int\u00e9ress\u00e9es peuvent contacter Sylvie Coeurjolly par mail\u00a0: aeh-lyon@chainedelespoir.org ou t\u00e9l\u00e9phone au 06\u00a060\u00a019\u00a036\u00a044.<\/p>\n","protected":false},"excerpt":{"rendered":"Fond\u00e9e en 1994, la Cha\u00eene de l\u2019Espoir a pour objectif d\u2019am\u00e9liorer l\u2019acc\u00e8s aux soins chirurgicaux des enfants. Depuis&hellip;\n","protected":false},"author":2,"featured_media":363407,"comment_status":"","ping_status":"","sticky":false,"template":"","format":"standard","meta":{"footnotes":""},"categories":[1889],"tags":[1111,11,2430,2757,1777,674,1011,27,2428,2756,12,25,2429,71],"class_list":{"0":"post-363406","1":"post","2":"type-post","3":"status-publish","4":"format-standard","5":"has-post-thumbnail","7":"category-lyon","8":"tag-actu","9":"tag-actualites","10":"tag-auvergne-rhone-alpes","11":"tag-edition-lyon-villeurbanne","12":"tag-eu","13":"tag-europe","14":"tag-fr","15":"tag-france","16":"tag-lyon","17":"tag-lyon-bassin","18":"tag-news","19":"tag-republique-francaise","20":"tag-rhone","21":"tag-sante"},"share_on_mastodon":{"url":"https:\/\/pubeurope.com\/@fr\/115140781959737730","error":""},"_links":{"self":[{"href":"https:\/\/www.europesays.com\/fr\/wp-json\/wp\/v2\/posts\/363406","targetHints":{"allow":["GET"]}}],"collection":[{"href":"https:\/\/www.europesays.com\/fr\/wp-json\/wp\/v2\/posts"}],"about":[{"href":"https:\/\/www.europesays.com\/fr\/wp-json\/wp\/v2\/types\/post"}],"author":[{"embeddable":true,"href":"https:\/\/www.europesays.com\/fr\/wp-json\/wp\/v2\/users\/2"}],"replies":[{"embeddable":true,"href":"https:\/\/www.europesays.com\/fr\/wp-json\/wp\/v2\/comments?post=363406"}],"version-history":[{"count":0,"href":"https:\/\/www.europesays.com\/fr\/wp-json\/wp\/v2\/posts\/363406\/revisions"}],"wp:featuredmedia":[{"embeddable":true,"href":"https:\/\/www.europesays.com\/fr\/wp-json\/wp\/v2\/media\/363407"}],"wp:attachment":[{"href":"https:\/\/www.europesays.com\/fr\/wp-json\/wp\/v2\/media?parent=363406"}],"wp:term":[{"taxonomy":"category","embeddable":true,"href":"https:\/\/www.europesays.com\/fr\/wp-json\/wp\/v2\/categories?post=363406"},{"taxonomy":"post_tag","embeddable":true,"href":"https:\/\/www.europesays.com\/fr\/wp-json\/wp\/v2\/tags?post=363406"}],"curies":[{"name":"wp","href":"https:\/\/api.w.org\/{rel}","templated":true}]}}