{"id":363408,"date":"2025-09-03T14:14:10","date_gmt":"2025-09-03T14:14:10","guid":{"rendered":"https:\/\/www.europesays.com\/fr\/363408\/"},"modified":"2025-09-03T14:14:10","modified_gmt":"2025-09-03T14:14:10","slug":"lyon-pourquoi-les-bancs-de-la-rue-de-la-republique-vont-ils-etre-retires","status":"publish","type":"post","link":"https:\/\/www.europesays.com\/fr\/363408\/","title":{"rendered":"Lyon : pourquoi les bancs de la rue de la R\u00e9publique vont-ils \u00eatre retir\u00e9s ?"},"content":{"rendered":"<p>Les bancs et les blocs de granit de la rue de la R\u00e9publique, \u00e0 Lyon, sont en train d&rsquo;\u00eatre retir\u00e9s par la M\u00e9tropole de Lyon depuis ce mercredi. La raison : le d\u00e9fil\u00e9 de la Biennale de la danse dimanche.<\/p>\n<p>Ils avaient fait sensation lors de leur installation cet \u00e9t\u00e9 : les bancs ou les \u00ab\u00a0boudins\u00a0\u00bb de la <b>rue de la R\u00e9publique<\/b>, \u00e0 Lyon, sont en train de dispara\u00eetre depuis ce mercredi 3 septembre.<\/p>\n<p>Il ne s&rsquo;agit pas d&rsquo;un r\u00e9trop\u00e9dalage de la part de la M\u00e9tropole de Lyon, mais d&rsquo;un r\u00e9am\u00e9nagement temporaire pour ce week-end.<\/p>\n<p>La Biennale de danse d\u00e9file \u00e0 Lyon ce dimanche<\/p>\n<p>Dimanche 7 septembre, <b>le d\u00e9fil\u00e9 de la Biennale de la danse<\/b> va investir la rue de la R\u00e9publique.<\/p>\n<p>Cons\u00e9quence : tout le mobilier urbain de la rue est retir\u00e9, que ce soit les bancs, les blocs de granit ou encore les m\u00e2ts de signalisation.<\/p>\n<p>\u00ab\u00a0\u00c0 chacune de ses \u00e9ditions, l&rsquo;organisation du d\u00e9fil\u00e9 de la Biennale n\u00e9cessite l&rsquo;\u00e9vacuation de tous les \u00e9l\u00e9ments pr\u00e9sents sur la chauss\u00e9e, afin de d\u00e9barrasser la rue de tous les obstacles qui pourraient g\u00eaner les participants\u00a0\u00bb, pr\u00e9cise la M\u00e9tropole de Lyon.<\/p>\n<p>Tout le mobilier urbain sera r\u00e9install\u00e9 <b>\u00e0 partir du lundi 8 septembre<\/b>.<\/p>\n<p><img loading=\"lazy\" decoding=\"async\" src=\"https:\/\/www.europesays.com\/fr\/wp-content\/uploads\/2025\/09\/1756908850_412_img\" width=\"350\" height=\"200\" border=\"0\" title=\"Un parking LPA \u00c3\u00a0 Lyon\"\/><\/p>\n<p>\u25baSoci\u00e9t\u00e9<\/p>\n<p style=\"font-size: 22px;\"><b>Ferm\u00e9 depuis 4 mois, ce parking souterrain de Lyon rouvre ce mardi<\/b><\/p>\n<p>Ferm\u00e9 pour cause de travaux depuis avril dernier,&#8230;<\/p>\n<p><\/p>\n","protected":false},"excerpt":{"rendered":"Les bancs et les blocs de granit de la rue de la R\u00e9publique, \u00e0 Lyon, sont en train&hellip;\n","protected":false},"author":2,"featured_media":363409,"comment_status":"","ping_status":"","sticky":false,"template":"","format":"standard","meta":{"footnotes":""},"categories":[1889],"tags":[1111,11,2430,30234,24843,49816,49815,1777,674,1011,27,2428,12,25,33319],"class_list":{"0":"post-363408","1":"post","2":"type-post","3":"status-publish","4":"format-standard","5":"has-post-thumbnail","7":"category-lyon","8":"tag-actu","9":"tag-actualites","10":"tag-auvergne-rhone-alpes","11":"tag-bancs","12":"tag-biennale-de-la-danse","13":"tag-boudins","14":"tag-dfil","15":"tag-eu","16":"tag-europe","17":"tag-fr","18":"tag-france","19":"tag-lyon","20":"tag-news","21":"tag-republique-francaise","22":"tag-rue-de-la-rpublique"},"share_on_mastodon":{"url":"https:\/\/pubeurope.com\/@fr\/115140786266180298","error":""},"_links":{"self":[{"href":"https:\/\/www.europesays.com\/fr\/wp-json\/wp\/v2\/posts\/363408","targetHints":{"allow":["GET"]}}],"collection":[{"href":"https:\/\/www.europesays.com\/fr\/wp-json\/wp\/v2\/posts"}],"about":[{"href":"https:\/\/www.europesays.com\/fr\/wp-json\/wp\/v2\/types\/post"}],"author":[{"embeddable":true,"href":"https:\/\/www.europesays.com\/fr\/wp-json\/wp\/v2\/users\/2"}],"replies":[{"embeddable":true,"href":"https:\/\/www.europesays.com\/fr\/wp-json\/wp\/v2\/comments?post=363408"}],"version-history":[{"count":0,"href":"https:\/\/www.europesays.com\/fr\/wp-json\/wp\/v2\/posts\/363408\/revisions"}],"wp:featuredmedia":[{"embeddable":true,"href":"https:\/\/www.europesays.com\/fr\/wp-json\/wp\/v2\/media\/363409"}],"wp:attachment":[{"href":"https:\/\/www.europesays.com\/fr\/wp-json\/wp\/v2\/media?parent=363408"}],"wp:term":[{"taxonomy":"category","embeddable":true,"href":"https:\/\/www.europesays.com\/fr\/wp-json\/wp\/v2\/categories?post=363408"},{"taxonomy":"post_tag","embeddable":true,"href":"https:\/\/www.europesays.com\/fr\/wp-json\/wp\/v2\/tags?post=363408"}],"curies":[{"name":"wp","href":"https:\/\/api.w.org\/{rel}","templated":true}]}}