{"id":363414,"date":"2025-09-03T14:18:10","date_gmt":"2025-09-03T14:18:10","guid":{"rendered":"https:\/\/www.europesays.com\/fr\/363414\/"},"modified":"2025-09-03T14:18:10","modified_gmt":"2025-09-03T14:18:10","slug":"a-la-chapelle-deux-homicides-en-deux-semaines-dans-un-quartier-en-tension","status":"publish","type":"post","link":"https:\/\/www.europesays.com\/fr\/363414\/","title":{"rendered":"\u00e0 La Chapelle, deux homicides en deux semaines dans un quartier en \u00ab\u00a0tension\u00a0\u00bb"},"content":{"rendered":"<p class=\"mb-4 text-lg md:leading-8 break-words\">Deux homicides en deux semaines: \u00e0 La Chapelle, dans le nord-est de Paris, habitants et commer\u00e7ants voient les violences augmenter, dans un quartier connu pour le trafic et la vente \u00e0 la sauvette.<\/p>\n<p class=\"mb-4 text-lg md:leading-8 break-words\">La place de La Chapelle est calme en ce lundi de rentr\u00e9e. Deux jours apr\u00e8s le meurtre d&rsquo;un homme en pleine journ\u00e9e, trois camions de CRS sont gar\u00e9s devant le square Louise-de-Marillac, au pied du m\u00e9tro a\u00e9rien.<\/p>\n<p class=\"mb-4 text-lg md:leading-8 break-words\">Ce square, il est \u00ab\u00a0impossible d&rsquo;y aller, vous ne verrez jamais un enfant\u00a0\u00bb, soutient Baptiste Arnaud, propri\u00e9taire depuis deux ans d&rsquo;un appartement donnant sur la place. \u00ab\u00a0L&rsquo;espace public ne nous appartient plus\u00a0\u00bb, estime-t-il.<\/p>\n<p class=\"mb-4 text-lg md:leading-8 break-words\">Un peu plus loin, Sammy Hammoum, un habitant de 34 ans, se d\u00e9fend d&rsquo;une vision trop n\u00e9gative sur ce quartier qui accueille une forte communaut\u00e9 afghane. Il indique ne \u00ab\u00a0jamais\u00a0\u00bb s&rsquo;y \u00ab\u00a0sentir en ins\u00e9curit\u00e9\u00a0\u00bb, avec \u00ab\u00a0une vie de rue hyper prolifique\u00a0\u00bb.<\/p>\n<p class=\"mb-4 text-lg md:leading-8 break-words\">Samedi, un homme afghan a \u00e9t\u00e9 poignard\u00e9 par un de ses compatriotes en plein jour dans la rue Marx-Dormoy, au coeur de La Chapelle. Il a succomb\u00e9 \u00e0 ses blessures sur place.<\/p>\n<p class=\"mb-4 text-lg md:leading-8 break-words\">Deux semaines plus t\u00f4t, dans la nuit du 14 au 15 ao\u00fbt, un autre homicide \u00e0 l&rsquo;arme blanche avait d\u00e9j\u00e0 eu lieu dans le m\u00eame secteur, boulevard de La Chapelle. La nationalit\u00e9 du ou des auteurs n&rsquo;a pas \u00e9t\u00e9 divulgu\u00e9e dans l&rsquo;imm\u00e9diat.<\/p>\n<p class=\"mb-4 text-lg md:leading-8 break-words\">Ces drames, qui ne sont pas li\u00e9s d&rsquo;apr\u00e8s la mairie, s&rsquo;ajoutent \u00e0 une augmentation \u00ab\u00a0des tensions\u00a0\u00bb dans le quartier, explique M. Arnaud.<\/p>\n<p class=\"mb-4 text-lg md:leading-8 break-words\">\u00ab\u00a0Je comprends que \u00e7a inqui\u00e8te les gens. Moi, je ne suis pas forc\u00e9ment inquiet\u00a0\u00bb, d\u00e9clare Jean-Michel M\u00e9tayer, habitant depuis 1989 de ce \u00ab\u00a0quartier populaire\u00a0\u00bb o\u00f9 \u00ab\u00a0de temps en temps, il y a des incidents\u00a0\u00bb. Le retrait\u00e9 estime cependant qu&rsquo;il faudrait \u00ab\u00a0une intervention beaucoup plus fr\u00e9quente de la police nationale\u00a0\u00bb pour lutter contre les \u00ab\u00a0ventes clandestines\u00a0\u00bb.<\/p>\n<p class=\"mb-4 text-lg md:leading-8 break-words\">La mairie du 18e d\u00e9plore de son c\u00f4t\u00e9 la perte de \u00ab\u00a0100 policiers nationaux en cinq ans\u00a0\u00bb, malgr\u00e9 un quartier class\u00e9 en \u00ab\u00a0reconqu\u00eate r\u00e9publicaine\u00a0\u00bb par les autorit\u00e9s.<\/p>\n<p class=\"mb-4 text-lg md:leading-8 break-words\">\u00ab\u00a0Ce n&rsquo;est pas possible d&rsquo;avoir une telle baisse, face \u00e0 l&rsquo;actualit\u00e9 qui prouve \u00e0 chaque instant que nous avons davantage besoin de policiers nationaux dans nos quartiers\u00a0\u00bb, estime K\u00e9vin Havet, adjoint au maire d&rsquo;arrondissement charg\u00e9 de la s\u00e9curit\u00e9, de la police municipale et de la vie nocturne.<\/p>\n<p class=\"mb-4 text-lg md:leading-8 break-words\">&#8211; \u00ab\u00a0D\u00e9sastre\u00a0\u00bb &#8211;<\/p>\n<p class=\"mb-4 text-lg md:leading-8 break-words\">En r\u00e9ponse, la pr\u00e9fecture de police d\u00e9clare que \u00ab\u00a0se limiter aux seuls effectifs de la circonscription de police pour \u00e9valuer la pr\u00e9sence polici\u00e8re n&rsquo;a aucun sens puisqu&rsquo;y interviennent en permanence d&rsquo;autres unit\u00e9s\u00a0\u00bb que celles du commissariat d&rsquo;arrondissement.<\/p>\n<p class=\"mb-4 text-lg md:leading-8 break-words\">Depuis d\u00e9but 2025, la pr\u00e9fecture d\u00e9fend \u00ab\u00a0une augmentation continue de l&rsquo;activit\u00e9 de police\u00a0\u00bb, traduite par une hausse de 16% du nombre de mis en cause par rapport \u00e0 la m\u00eame p\u00e9riode en 2024.<\/p>\n<p class=\"mb-4 text-lg md:leading-8 break-words\">Un commer\u00e7ant du quartier, pr\u00e9sent depuis dix ans et pr\u00e9f\u00e9rant rester anonyme, voit pourtant le \u00ab\u00a0d\u00e9sastre\u00a0\u00bb s&rsquo;accentuer depuis \u00ab\u00a0presque deux ans\u00a0\u00bb, lui faisant perdre des clients.<\/p>\n<p class=\"mb-4 text-lg md:leading-8 break-words\">\u00ab\u00a0Ca fait deux mois que je ne me suis pas vers\u00e9 de salaire\u00a0\u00bb, a-t-il le temps d&rsquo;expliquer \u00e0 l&rsquo;AFP avant de se pr\u00e9cipiter dans son magasin, matraque t\u00e9lescopique \u00e0 la main, derri\u00e8re trois personnes en train de voler des aliments.<\/p>\n<p class=\"mb-4 text-lg md:leading-8 break-words\">Apr\u00e8s un moment de tension, ces derniers quittent le commerce en abandonnant leur larcin. \u00ab\u00a0C&rsquo;est pas un sentiment, l&rsquo;ins\u00e9curit\u00e9!\u00a0\u00bb, soupire le g\u00e9rant.<\/p>\n<p class=\"mb-4 text-lg md:leading-8 break-words\">Deux semaines plus t\u00f4t, un homme le mena\u00e7ait avec un couteau dans le m\u00eame rayon de son magasin, ajoute-t-il, images de vid\u00e9osurveillance \u00e0 l&rsquo;appui.<\/p>\n<p class=\"mb-4 text-lg md:leading-8 break-words\">Avant les homicides, une p\u00e9tition avait \u00e9t\u00e9 lanc\u00e9e par le collectif de riverains Demain La Chapelle d\u00e9non\u00e7ant la \u00ab\u00a0mafia omnipr\u00e9sente\u00a0\u00bb des trafiquants et vendeurs \u00e0 la sauvette qui op\u00e8rent, selon eux, en toute \u00ab\u00a0impunit\u00e9\u00a0\u00bb.<\/p>\n<p class=\"mb-4 text-lg md:leading-8 break-words\">\u00ab\u00a0Accueillir des demandeurs d&rsquo;asile, ce n&rsquo;est pas accepter des d\u00e9linquants. Comme en Allemagne les d\u00e9linquants afghans doivent \u00eatre renvoy\u00e9s en Afghanistan\u00a0\u00bb, a soutenu sur X Rachida Dati, candidate LR \u00e0 la mairie de Paris, en r\u00e9action \u00e0 l&rsquo;homicide de samedi.<\/p>\n<p class=\"mb-4 text-lg md:leading-8 break-words\">La communaut\u00e9 afghane est elle-m\u00eame affect\u00e9e par les \u00e9v\u00e9nements d&rsquo;ao\u00fbt, souligne Shams Amin, employ\u00e9 d&rsquo;une sup\u00e9rette afghane de la rue Marx-Dormoy ouverte en 2021.<\/p>\n<p class=\"mb-4 text-lg md:leading-8 break-words\">Les clients, en majorit\u00e9 afghans, \u00ab\u00a0ont peur quand ils voient la violence qu&rsquo;il y a eu r\u00e9cemment\u00a0\u00bb, d\u00e9clare l&rsquo;homme arriv\u00e9 en France en 2019, estimant que \u00ab\u00a0moralement, ce n&rsquo;est pas bon pour les immigr\u00e9s\u00a0\u00bb dont cela pourrait \u00ab\u00a0affecter le dossier\u00a0\u00bb d&rsquo;asile.<\/p>\n<p class=\"mb-4 text-lg md:leading-8 break-words\">dmv\/cal\/jpa<\/p>\n","protected":false},"excerpt":{"rendered":"Deux homicides en deux semaines: \u00e0 La Chapelle, dans le nord-est de Paris, habitants et commer\u00e7ants voient les&hellip;\n","protected":false},"author":2,"featured_media":363415,"comment_status":"","ping_status":"","sticky":false,"template":"","format":"standard","meta":{"footnotes":""},"categories":[1888],"tags":[1111,1928,11,1927,45901,1777,674,1011,27,39923,12,1926,626,1925,49817,25,49818],"class_list":{"0":"post-363414","1":"post","2":"type-post","3":"status-publish","4":"format-standard","5":"has-post-thumbnail","7":"category-paris","8":"tag-actu","9":"tag-actu-paris","10":"tag-actualites","11":"tag-actualites-paris","12":"tag-boulevard-de-la-chapelle","13":"tag-eu","14":"tag-europe","15":"tag-fr","16":"tag-france","17":"tag-la-chapelle","18":"tag-news","19":"tag-news-paris","20":"tag-paris","21":"tag-paris-news","22":"tag-place-de-la-chapelle","23":"tag-republique-francaise","24":"tag-rue-marx-dormoy"},"share_on_mastodon":{"url":"https:\/\/pubeurope.com\/@fr\/115140801595775738","error":""},"_links":{"self":[{"href":"https:\/\/www.europesays.com\/fr\/wp-json\/wp\/v2\/posts\/363414","targetHints":{"allow":["GET"]}}],"collection":[{"href":"https:\/\/www.europesays.com\/fr\/wp-json\/wp\/v2\/posts"}],"about":[{"href":"https:\/\/www.europesays.com\/fr\/wp-json\/wp\/v2\/types\/post"}],"author":[{"embeddable":true,"href":"https:\/\/www.europesays.com\/fr\/wp-json\/wp\/v2\/users\/2"}],"replies":[{"embeddable":true,"href":"https:\/\/www.europesays.com\/fr\/wp-json\/wp\/v2\/comments?post=363414"}],"version-history":[{"count":0,"href":"https:\/\/www.europesays.com\/fr\/wp-json\/wp\/v2\/posts\/363414\/revisions"}],"wp:featuredmedia":[{"embeddable":true,"href":"https:\/\/www.europesays.com\/fr\/wp-json\/wp\/v2\/media\/363415"}],"wp:attachment":[{"href":"https:\/\/www.europesays.com\/fr\/wp-json\/wp\/v2\/media?parent=363414"}],"wp:term":[{"taxonomy":"category","embeddable":true,"href":"https:\/\/www.europesays.com\/fr\/wp-json\/wp\/v2\/categories?post=363414"},{"taxonomy":"post_tag","embeddable":true,"href":"https:\/\/www.europesays.com\/fr\/wp-json\/wp\/v2\/tags?post=363414"}],"curies":[{"name":"wp","href":"https:\/\/api.w.org\/{rel}","templated":true}]}}