{"id":363418,"date":"2025-09-03T14:20:21","date_gmt":"2025-09-03T14:20:21","guid":{"rendered":"https:\/\/www.europesays.com\/fr\/363418\/"},"modified":"2025-09-03T14:20:21","modified_gmt":"2025-09-03T14:20:21","slug":"legislative-partielle-a-paris-le-1er-tour-se-tiendra-le-21-septembre-qui-sont-les-candidats-lcp","status":"publish","type":"post","link":"https:\/\/www.europesays.com\/fr\/363418\/","title":{"rendered":"L\u00e9gislative partielle \u00e0 Paris : le 1er tour se tiendra le 21 septembre, qui sont les candidats ? | LCP"},"content":{"rendered":"<p>Le scrutin qui a eu lieu en 2024 dans la 2e circonscription de Paris a \u00e9t\u00e9 invalid\u00e9, cet \u00e9t\u00e9, par le Conseil constitutionnel. Une \u00e9lection l\u00e9gislative partielle aura donc lieu dans les prochaines semaines, les 21 et 28 septembre. Le sortant, Jean Laussucq (Renaissance), \u00e9tant frapp\u00e9 d&rsquo;in\u00e9ligibilit\u00e9, il ne sera pas candidat. Alors, qui sont les pr\u00e9tendants sur la ligne de d\u00e9part ?<\/p>\n<p>On conna\u00eet la date et les principaux candidats \u00e0<strong>\u00a0l&rsquo;\u00e9lection l\u00e9gislative partielle dans la 2e circonscription de Paris, dont le 1er\u00a0tour se tiendra le 21 septembre. <\/strong>Le scrutin de 2024, qui avait vu la victoire du d\u00e9put\u00e9<strong> Jean Laussucq <\/strong>(Ensemble pour la R\u00e9publique), a \u00e9t\u00e9 <strong><a href=\"https:\/\/lcp.fr\/actualites\/trois-deputes-contraints-de-demissionner-apres-avoir-ete-declares-ineligibles-par-le\" target=\"_blank\" rel=\"noopener\">invalid\u00e9 en juillet<\/a><\/strong><strong> par le Conseil constitutionnel <\/strong>pour des irr\u00e9gularit\u00e9s dans ses comptes de campagne. D\u00e9clar\u00e9 in\u00e9ligible pour un an, le sortant ne peut pas se repr\u00e9senter. Restait \u00e0 savoir qui seraient les pr\u00e9tendants sur la ligne de d\u00e9part. C&rsquo;est chose faite. La semaine derni\u00e8re, <strong>Les R\u00e9publicains ont \u00e9vit\u00e9 un psychodrame<\/strong> : alors qu&rsquo;elle avait un temps <a href=\"https:\/\/lcp.fr\/actualites\/legislative-partielle-a-paris-rachida-dati-confirme-sa-candidature-face-a-michel-barnier\" target=\"_blank\" rel=\"noopener\">affich\u00e9 sa d\u00e9termination \u00e0 se pr\u00e9senter<\/a>\u00a0face \u00e0 l&rsquo;ancien Premier ministre <strong>Michel Barnier, pourtant officiellement investi<\/strong> par le parti, <strong>Rachida Dati\u00a0n&rsquo;a finalement pas \u00e9t\u00e9 jusqu&rsquo;\u00e0 d\u00e9poser sa candidature<\/strong>.\u00a0<\/p>\n<p><strong>Un accord a en effet \u00e9t\u00e9 trouv\u00e9 avec la ministre de la Culture.<\/strong> \u00ab\u00a0A l&rsquo;unanimit\u00e9, Les R\u00e9publicains ont investi Rachida Dati pour les municipales [de mars 2026] \u00e0 Paris\u00a0\u00bb et celle-ci \u00ab\u00a0apportera son soutien \u00e0 Michel Barnier pour l&rsquo;\u00e9lection l\u00e9gislative partielle dans la 2e circonscription de Paris\u00a0\u00bb, ont act\u00e9 dans <a href=\"https:\/\/x.com\/lesRepublicains\/status\/1961129693878305127\" target=\"_blank\">un communiqu\u00e9<\/a>\u00a0Les R\u00e9publicains, pr\u00e9sid\u00e9s\u00a0par son coll\u00e8gue au gouvernement, <strong>Bruno Retailleau<\/strong>. Une d\u00e9cision salu\u00e9e sur X par l&rsquo;int\u00e9ress\u00e9e.\u00a0<\/p>\n<p>De son c\u00f4t\u00e9,<strong> la commission nationale d&rsquo;investiture de Renaissance, <\/strong>le parti dirig\u00e9 par\u00a0 <strong>Gabriel Attal<\/strong>, auquel appartient l&rsquo;ex-d\u00e9put\u00e9 Jean Laussucq, a indiqu\u00e9 dans un communiqu\u00e9 que le mouvement<strong> n&rsquo;investirait personne\u00a0<\/strong><strong>\u00ab\u00a0suite \u00e0 la candidature de l&rsquo;ancien Premier ministre Michel Barnier\u00a0\u00bb.<\/strong> Et ce, pour \u00ab\u00a0\u00e9viter d&rsquo;ajouter de la confusion dans une situation politique nationale in\u00e9dite\u00a0\u00bb.\u00a0<\/p>\n<p>Fief historique de la droite, la 2e circonscription parisienne a envoy\u00e9 \u00e0 l&rsquo;Assembl\u00e9e nationale des candidats issus de la formation\u00a0macroniste \u00e0 partir de 2017, lors de l&rsquo;\u00e9lection de <a href=\"https:\/\/lcp.fr\/actualites\/gilles-le-gendre-quittera-la-tete-du-groupe-larem-en-septembre-30263\" target=\"_blank\" rel=\"noopener\"><strong>Gilles Le Gendre<\/strong>.<\/a><\/p>\n<p>Le PS a investi Fr\u00e9d\u00e9rique Bredin\u00a0<\/p>\n<p>En cas de victoire, Michel Barnier retrouvera les bancs du Palais-Bourbon, sur lesquels\u00a0il a si\u00e9g\u00e9 de 1978 \u00e0 1993 en tant qu&rsquo;\u00e9lu de Savoie. Mais, avant cela, celui qui a \u00e9t\u00e9 <a href=\"https:\/\/lcp.fr\/actualites\/le-gouvernement-de-michel-barnier-censure-au-terme-d-une-journee-historique-a-l\" target=\"_blank\" rel=\"noopener\">censur\u00e9 par les d\u00e9put\u00e9s<\/a> en d\u00e9cembre 2024 devra l&#8217;emporter notamment face \u00e0\u00a0<strong>Fr\u00e9d\u00e9rique Bredin, investie par le Parti socialiste et soutenue par Les\u00a0Ecologistes.\u00a0\u00ab\u00a0<\/strong>En coh\u00e9rence avec l&rsquo;engagement pris devant les \u00e9lecteurs et les \u00e9lectrices du Nouveau Front populaire, <strong>Les Ecologistes respecteront l&rsquo;accord conclu il y a un an\u00a0\u00bb<\/strong>, \u00e9crit le parti de <strong>Marine Tondelier<\/strong> <a href=\"https:\/\/lesecologistes.fr\/posts\/3WciTkD7UZzRdLLgx27M8m\/legislatives-partielles-les-ecologistes-soutiennent-le-nouveau-front-populaire\" target=\"_blank\" rel=\"noopener\">dans un communiqu\u00e9<\/a>. En 2024, dans l&rsquo;accord conclu entre les forces de gauche, la 2e circonscription de Paris \u00e9tait fl\u00e9ch\u00e9e pour le Parti socialiste.<\/p>\n<p>\u00ab\u00a0Comme pr\u00e9vu par l&rsquo;accord du NFP de 2024\u00a0\u00bb, <strong>La France insoumise<\/strong> a\u00a0<a href=\"https:\/\/lafranceinsoumise.fr\/2025\/08\/29\/legislatives-partielles-la-france-insoumise-fidele-aux-engagements-pris-devant-les-electrices-et-electeurs\/\" target=\"_blank\" rel=\"noopener\">\u00e9galement annonc\u00e9<\/a> qu&rsquo;elle <strong>ne pr\u00e9senterait pas de candidature. <\/strong>Les r\u00e9cents propos de Fr\u00e9d\u00e9rique Bredin\u00a0n&rsquo;ont toutefois pas am\u00e9lior\u00e9 les relations entre les deux formations politiques.\u00a0<strong>\u00ab\u00a0Que ce soit l&rsquo;extr\u00eame droite ou l&rsquo;extr\u00eame gauche au sens insoumis, (&#8230;) je n&rsquo;en veux pas\u00a0\u00bb<\/strong><strong>, a-t-elle d\u00e9clar\u00e9 dimanche 31 ao\u00fbt <\/strong><a href=\"https:\/\/x.com\/frhaz\/status\/1962025404601901214\" target=\"_blank\">sur Radio J<\/a>, estimant que si ces deux camps\u00a0n&rsquo;ont \u00ab\u00a0pas exactement les m\u00eames valeurs\u00a0\u00bb, ils sont de \u00ab\u00a0grands dangers l&rsquo;un et l&rsquo;autre\u00a0\u00bb.\u00a0<\/p>\n<p><strong>\u00ab\u00a0Une revenante du PS, candidate \u00e0 Paris, va \u00e0 Radio J insulter LFI\u00a0\u00bb<\/strong><strong>, <\/strong>a dans la foul\u00e9e d\u00e9plor\u00e9<strong> Jean-Luc M\u00e9lenchon <\/strong>sur X, ajoutant : \u00ab\u00a0Le PS doit r\u00e9agir. Cette discrimination injurieuse rendrait impossible toute unit\u00e9 d&rsquo;action ou de vote contre le RN.\u00a0\u00bb Les Ecologistes ont, eux aussi, d\u00e9nonc\u00e9 des \u00ab\u00a0propos insultants\u00a0\u00bb et \u00ab\u00a0inadmissibles\u00a0\u00bb.\u00a0<strong>Fr\u00e9d\u00e9rique Bredin<\/strong> a souhait\u00e9 \u00ab\u00a0couper court \u00e0 toute pol\u00e9mique inutile\u00a0\u00bb, <a href=\"https:\/\/x.com\/fredbredin\/status\/1962085566939353296\" target=\"_blank\">\u00e9crivant<\/a>\u00a0sur X que <strong>\u00ab\u00a0LFI n&rsquo;est pas le RN\u00a0\u00bb et qu&rsquo;il \u00ab\u00a0n&rsquo;y a pas de trait d&rsquo;union\u00a0\u00bb entre ces deux partis.<\/strong><\/p>\n<p>Lorsqu&rsquo;elle \u00e9tait ministre de la Jeunesse et des Sports de Fran\u00e7ois Mitterrand (de 1991 \u00e0 1993), Fr\u00e9d\u00e9rique Bredin a travaill\u00e9 avec Michel Barnier <a href=\"https:\/\/x.com\/frhaz\/status\/1962030788972601723\" target=\"_blank\">sur l&rsquo;organisation des Jeux olympiques d&rsquo;Albertville<\/a>,\u00a0qui ont eu lieu en 1992.<\/p>\n<p>Thierry Mariani candidat pour le RN<\/p>\n<p>Le 21 septembre,\u00a0<strong>le d\u00e9put\u00e9 europ\u00e9en Thierry Mariani\u00a0portera, quant \u00e0 lui, les couleurs du\u00a0Rassemblement national.<\/strong><strong> <\/strong>\u00ab\u00a0Je serai le candidat anti-Macron\u00a0\u00bb, affirmait-il en juillet, en plein affrontement Barnier-Dati. \u00ab\u00a0J&rsquo;habite \u00e0 Paris depuis 1978, dans cette 2e\u00a0circonscription\u00a0\u00bb,\u00a0pr\u00e9cisait aussi l&rsquo;\u00e9lu du parti de <strong>Jordan Bardella<\/strong>\u00a0et <strong>Marine Le Pen<\/strong>,\u00a0qui est aussi\u00a0pressenti pour \u00eatre la t\u00eate de liste du RN pour les municipales de mars 2026 dans la capitale. Thierry Mariani <strong>a d\u00e9j\u00e0 \u00e9t\u00e9 d\u00e9put\u00e9 entre 1993 \u00e0 2017<\/strong> dans le Vaucluse, \u00e0 l&rsquo;exception de la p\u00e9riode 2010-2012, lorsqu&rsquo;il fut appel\u00e9 au gouvernement de <strong>Fran\u00e7ois Fillon<\/strong>.<\/p>\n<p>A l&rsquo;extr\u00eame droite, <strong>Reconqu\u00eate a \u00e9galement investi un candidat<\/strong> pour la partielle : le pr\u00e9sident de son mouvement de jeunesse <strong>Hilaire Bouy\u00e9<\/strong>. \u00ab\u00a0Face \u00e0 LR, alli\u00e9s de la macronie, et la gauche, il incarnera les id\u00e9es de Reconqu\u00eate, celles d\u2019une droite soucieuse de notre libert\u00e9 \u00e9conomique et de notre s\u00e9curit\u00e9\u00a0\u00bb, <a href=\"https:\/\/lcp.fr\/actualites\/L\" ex-ministre=\"\" de=\"\" la=\"\" jeunesse=\"\" et=\"\" des=\"\" sports=\"\" fran=\"\" mitterrand=\"\" qui=\"\" a=\"\" travaill=\"\" avec=\"\" michel=\"\" barnier=\"\" sur=\"\" l=\"\" jo=\"\" d=\"\" dimanche=\"\" ao=\"\" ses=\"\" propos=\"\" france=\"\" insoumise=\"\" ont=\"\" vivement=\"\" fait=\"\" r=\"\" les=\"\" int=\"\" target=\"_blank\" rel=\"noopener\">a \u00e9crit <strong>Eric Zemmour<\/strong><\/a> dimanche sur X, en annon\u00e7ant l&rsquo;investiture.<\/p>\n<blockquote class=\"encadre\"><p>\nDeux autres l\u00e9gislatives partielles \u00e0 venir<\/p>\n<p>Cet \u00e9t\u00e9, le Conseil constitutionnel a <strong>\u00e9galement invalid\u00e9 deux autres\u00a0scrutins<\/strong>\u00a0de 2024 :\u00a0<\/p>\n<p>&gt; L&rsquo;\u00e9lection de <strong>Brigitte Bar\u00e8ges<\/strong>\u00a0(UDR) dans la<strong>\u00a01\u00e8re circonscription du Tarn-et-Garonne. <\/strong><\/p>\n<p>Son ex-suppl\u00e9ant <strong>Pierre-Henri Carbonnel<\/strong> (UDR) tentera de lui succ\u00e9der lors de la\u00a0<a href=\"https:\/\/www.tarn-et-garonne.gouv.fr\/Actions-de-l-Etat\/Elections\/Elections-Institutionnelles\/Election-legislative-partielle-1ere-circonscription-electorale-Montauban-2025\" target=\"_blank\" rel=\"noopener\">partielle<\/a>\u00a0des<strong>\u00a05 et 12 octobre<\/strong>. Il a re\u00e7u le soutien du Rassemblement national. Face \u00e0 lui, sera notamment candidate\u00a0<strong>Cathie Bourdoncle <\/strong>(PS),\u00a0vice-pr\u00e9sidente du conseil d\u00e9partemental du Tarn-et-Garonne.\u00a0L&rsquo;ex-d\u00e9put\u00e9e socialiste <strong>Val\u00e9rie Rabault<\/strong>, battue en 2024, ayant d\u00e9cid\u00e9 de ne pas \u00eatre candidate.\u00a0L\u00e0 encore, LFI\u00a0et les Ecologistes\u00a0ont choisi de respecter l&rsquo;accord du NFP de 2024, qui donnait la circonscription au PS. Issue de la soci\u00e9t\u00e9 civile et candidate de Renaissance en 2022 et 2024, <strong>Catherine<\/strong>\u00a0<strong>Simonin-Benazet<\/strong>\u00a0se pr\u00e9sente de nouveau.\u00a0<\/p>\n<p>&gt; L&rsquo;\u00e9lection de <strong>St\u00e9phane Vojetta (Ensemble pour la R\u00e9publique)<\/strong>\u00a0dans la<strong>\u00a05e\u00a0circonscription de Fran\u00e7ais \u00e9tablis hors de France.\u00a0<\/strong><\/p>\n<p>C&rsquo;est l\u00e0 que <strong>les esprits s&rsquo;\u00e9chauffent \u00e0 gauche<\/strong>. L&rsquo;accord du NFP de 2024 donnait la circonscription \u00e0 La France insoumise,<strong> <\/strong>qui a investie\u00a0<strong>Martha Pecina<\/strong>\u00a0pour le scrutin des <strong>28 septembre et 12 octobre<\/strong>.\u00a0Les Ecologistes la soutiennent \u00e9galement. Mais le Parti socialiste se pr\u00e9pare \u00e0 pr\u00e9senter un candidat, en la personne de <strong>Guillaume Horn<\/strong>. \u00ab\u00a0En 2022, il y a eu Les Ecologistes, en 2024 LFI, maintenant, j&rsquo;ai envie de dire que c&rsquo;est l&rsquo;heure du PS\u00a0\u00bb, a-t-il d\u00e9clar\u00e9 <a href=\"https:\/\/lesfrancais.press\/guillaume-horn-le-parti-socialiste-peut-faire-basculer-la-circonscription-a-gauche\/\" target=\"_blank\" rel=\"noopener\">sur un site d\u00e9di\u00e9<\/a>\u00a0aux Fran\u00e7ais de l&rsquo;\u00e9tranger. \u00ab\u00a0Nous demandons son retrait\u00a0\u00bb, <a href=\"https:\/\/lesecologistes.fr\/posts\/3WciTkD7UZzRdLLgx27M8m\/legislatives-partielles-les-ecologistes-soutiennent-le-nouveau-front-populaire\" target=\"_blank\" rel=\"noopener\">\u00e9crit<\/a> le parti Les Ecologistes, au m\u00eame titre que LFI qui s&rsquo;insurge de l&rsquo;attitude du Parti socialiste. Renaissance pr\u00e9sentera<strong> Nathalie Coggia<\/strong>, l&rsquo;ancienne suppl\u00e9ante de St\u00e9phane\u00a0Vojetta. D\u00e9j\u00e0 candidate l&rsquo;ann\u00e9e derni\u00e8re,<strong> Johana Maurel<\/strong> repr\u00e9sentera le Rassemblement national.\u00a0<\/p>\n<\/blockquote>\n","protected":false},"excerpt":{"rendered":"Le scrutin qui a eu lieu en 2024 dans la 2e circonscription de Paris a \u00e9t\u00e9 invalid\u00e9, cet&hellip;\n","protected":false},"author":2,"featured_media":363419,"comment_status":"","ping_status":"","sticky":false,"template":"","format":"standard","meta":{"footnotes":""},"categories":[1888],"tags":[11,416,41749,49824,49822,39211,33380,49819,1777,674,1011,27,49821,49820,23203,39207,49823,12,626,25],"class_list":{"0":"post-363418","1":"post","2":"type-post","3":"status-publish","4":"format-standard","5":"has-post-thumbnail","7":"category-paris","8":"tag-actualites","9":"tag-assemblee-nationale","10":"tag-barnier","11":"tag-bouye","12":"tag-bredin","13":"tag-conseil-constitutionnel","14":"tag-dati","15":"tag-deuxieme-circonscription","16":"tag-eu","17":"tag-europe","18":"tag-fr","19":"tag-france","20":"tag-invalidation","21":"tag-laussucq","22":"tag-lcp","23":"tag-legislative-partielle","24":"tag-mariani","25":"tag-news","26":"tag-paris","27":"tag-republique-francaise"},"share_on_mastodon":{"url":"https:\/\/pubeurope.com\/@fr\/115140809472660524","error":""},"_links":{"self":[{"href":"https:\/\/www.europesays.com\/fr\/wp-json\/wp\/v2\/posts\/363418","targetHints":{"allow":["GET"]}}],"collection":[{"href":"https:\/\/www.europesays.com\/fr\/wp-json\/wp\/v2\/posts"}],"about":[{"href":"https:\/\/www.europesays.com\/fr\/wp-json\/wp\/v2\/types\/post"}],"author":[{"embeddable":true,"href":"https:\/\/www.europesays.com\/fr\/wp-json\/wp\/v2\/users\/2"}],"replies":[{"embeddable":true,"href":"https:\/\/www.europesays.com\/fr\/wp-json\/wp\/v2\/comments?post=363418"}],"version-history":[{"count":0,"href":"https:\/\/www.europesays.com\/fr\/wp-json\/wp\/v2\/posts\/363418\/revisions"}],"wp:featuredmedia":[{"embeddable":true,"href":"https:\/\/www.europesays.com\/fr\/wp-json\/wp\/v2\/media\/363419"}],"wp:attachment":[{"href":"https:\/\/www.europesays.com\/fr\/wp-json\/wp\/v2\/media?parent=363418"}],"wp:term":[{"taxonomy":"category","embeddable":true,"href":"https:\/\/www.europesays.com\/fr\/wp-json\/wp\/v2\/categories?post=363418"},{"taxonomy":"post_tag","embeddable":true,"href":"https:\/\/www.europesays.com\/fr\/wp-json\/wp\/v2\/tags?post=363418"}],"curies":[{"name":"wp","href":"https:\/\/api.w.org\/{rel}","templated":true}]}}