{"id":363422,"date":"2025-09-03T14:22:10","date_gmt":"2025-09-03T14:22:10","guid":{"rendered":"https:\/\/www.europesays.com\/fr\/363422\/"},"modified":"2025-09-03T14:22:10","modified_gmt":"2025-09-03T14:22:10","slug":"zelensky-espere-parler-jeudi-au-president-trump-de-sanctions-contre-la-russie","status":"publish","type":"post","link":"https:\/\/www.europesays.com\/fr\/363422\/","title":{"rendered":"Zelensky esp\u00e8re parler jeudi au pr\u00e9sident Trump de sanctions contre la Russie"},"content":{"rendered":"<p>Lors de son d\u00e9placement \u00e0 la Maison-Blanche avec une poign\u00e9e de dirigeants europ\u00e9ens le 18\u00a0ao\u00fbt, Volodymyr Zelensky a demand\u00e9 \u00e0 Donald Trump d\u2019imposer des sanctions et faire pression sur Vladimir Poutine si celui-ci ne se rendait pas \u00e0 la table des n\u00e9gociations. \u00ab\u00a0Il a dit qu\u2019il r\u00e9pondrait dans quelques semaines\u00a0\u00bb, a dit M. Zelensky. \u00ab\u00a0D\u2019apr\u00e8s ce que je comprends, il s\u2019agit de deux semaines ou au maximum trois semaines. Les deux semaines se terminent demain\u00a0\u00bb, a-t-il ajout\u00e9.<\/p>\n<p>De son c\u00f4t\u00e9, la Commission europ\u00e9enne a annonc\u00e9 la semaine pass\u00e9e qu\u2019elle allait proposer aux pays membres sous peu un 19e paquet de sanctions. La Coalition des volontaires r\u00e9unit une trentaine de pays, principalement europ\u00e9ens, pr\u00eats \u00e0 apporter un soutien \u00e0 l\u2019arm\u00e9e ukrainienne, voire \u00e0 d\u00e9ployer des soldats en Ukraine une fois un cessez-le-feu conclu, pour dissuader la Russie de toute nouvelle agression.<\/p>\n<p>Soutien des Am\u00e9ricains<\/p>\n<p>Les Europ\u00e9ens doivent acter jeudi, lors d\u2019une r\u00e9union \u00e0 Paris et en visioconf\u00e9rence, qu\u2019ils sont \u00ab\u00a0pr\u00eats\u00a0\u00bb en vue de l\u2019octroi de garanties de s\u00e9curit\u00e9 \u00e0 l\u2019Ukraine et attendent d\u00e9sormais un \u00ab\u00a0soutien\u00a0\u00bb concret des Am\u00e9ricains, selon la pr\u00e9sidence fran\u00e7aise. \u00ab\u00a0Nous disposons d\u2019une base solide sous la forme d\u2019accords bilat\u00e9raux, notamment avec le Danemark, et nous partageons l\u2019avis selon lequel la s\u00e9curit\u00e9 future de l\u2019Ukraine n\u00e9cessite une disposition de type article\u00a05\u00a0\u00bb, a pr\u00e9cis\u00e9 M. Zelensky en r\u00e9f\u00e9rence \u00e0 la d\u00e9fense mutuelle pr\u00e9vue dans le trait\u00e9 de l\u2019Otan.<\/p>\n<p>Le pr\u00e9sident am\u00e9ricain Donald Trump a promis le 18\u00a0ao\u00fbt que les \u00c9tats-Unis seraient aux c\u00f4t\u00e9s des Europ\u00e9ens, dans le cadre de ces garanties de s\u00e9curit\u00e9 pour l\u2019Ukraine cens\u00e9es \u00eatre mises en \u0153uvre apr\u00e8s un cessez-le-feu ou un accord de paix, qui restent encore \u00e0 trouver.<\/p>\n","protected":false},"excerpt":{"rendered":"Lors de son d\u00e9placement \u00e0 la Maison-Blanche avec une poign\u00e9e de dirigeants europ\u00e9ens le 18\u00a0ao\u00fbt, Volodymyr Zelensky a&hellip;\n","protected":false},"author":2,"featured_media":363423,"comment_status":"","ping_status":"","sticky":false,"template":"","format":"standard","meta":{"footnotes":""},"categories":[1590],"tags":[11,1777,674,12,220],"class_list":{"0":"post-363422","1":"post","2":"type-post","3":"status-publish","4":"format-standard","5":"has-post-thumbnail","7":"category-ukraine","8":"tag-actualites","9":"tag-eu","10":"tag-europe","11":"tag-news","12":"tag-ukraine"},"share_on_mastodon":{"url":"https:\/\/pubeurope.com\/@fr\/115140817343427942","error":""},"_links":{"self":[{"href":"https:\/\/www.europesays.com\/fr\/wp-json\/wp\/v2\/posts\/363422","targetHints":{"allow":["GET"]}}],"collection":[{"href":"https:\/\/www.europesays.com\/fr\/wp-json\/wp\/v2\/posts"}],"about":[{"href":"https:\/\/www.europesays.com\/fr\/wp-json\/wp\/v2\/types\/post"}],"author":[{"embeddable":true,"href":"https:\/\/www.europesays.com\/fr\/wp-json\/wp\/v2\/users\/2"}],"replies":[{"embeddable":true,"href":"https:\/\/www.europesays.com\/fr\/wp-json\/wp\/v2\/comments?post=363422"}],"version-history":[{"count":0,"href":"https:\/\/www.europesays.com\/fr\/wp-json\/wp\/v2\/posts\/363422\/revisions"}],"wp:featuredmedia":[{"embeddable":true,"href":"https:\/\/www.europesays.com\/fr\/wp-json\/wp\/v2\/media\/363423"}],"wp:attachment":[{"href":"https:\/\/www.europesays.com\/fr\/wp-json\/wp\/v2\/media?parent=363422"}],"wp:term":[{"taxonomy":"category","embeddable":true,"href":"https:\/\/www.europesays.com\/fr\/wp-json\/wp\/v2\/categories?post=363422"},{"taxonomy":"post_tag","embeddable":true,"href":"https:\/\/www.europesays.com\/fr\/wp-json\/wp\/v2\/tags?post=363422"}],"curies":[{"name":"wp","href":"https:\/\/api.w.org\/{rel}","templated":true}]}}