{"id":363426,"date":"2025-09-03T14:24:17","date_gmt":"2025-09-03T14:24:17","guid":{"rendered":"https:\/\/www.europesays.com\/fr\/363426\/"},"modified":"2025-09-03T14:24:17","modified_gmt":"2025-09-03T14:24:17","slug":"topshop-de-retour-en-boutique-au-royaume-uni-cinq-ans-apres-sa-chute-03-09-2025-a-1546","status":"publish","type":"post","link":"https:\/\/www.europesays.com\/fr\/363426\/","title":{"rendered":"Topshop de retour en boutique au Royaume-Uni cinq ans apr\u00e8s sa chute &#8211; 03\/09\/2025 \u00e0 15:46"},"content":{"rendered":"<p>\n L&#8217;embl\u00e9matique enseigne britannique de fast-fashion Topshop fera son retour dans les art\u00e8res commer\u00e7antes du Royaume-Uni en f\u00e9vrier 2026, cinq ans apr\u00e8s la fermeture de ses derni\u00e8res boutiques, via des espaces d\u00e9di\u00e9s chez John Lewis, a annonc\u00e9 mercredi le groupe de grands magasins.\n<\/p>\n<p>        <img fetchpriority=\"high\" decoding=\"async\" src=\"https:\/\/www.europesays.com\/fr\/wp-content\/uploads\/2025\/09\/f1a9d8467067c1d1e7c5a5152f511de0-760x507.jpg\" alt=\"( AFP \/ TOLGA AKMEN )\" loading=\"eager\" width=\"760\" height=\"507\" style=\"max-width: 100%!important; height: auto;\"\/><\/p>\n<p class=\"c-image-news__legend\">( AFP \/ TOLGA AKMEN )<\/p>\n<p>\n La marque sera disponible dans 32 de ses grands magasins \u00e0 travers le Royaume-Uni, pr\u00e9cise John Lewis dans un communiqu\u00e9.\n<\/p>\n<p>\n Elle est d\u00e9j\u00e0 vendue depuis le 28 ao\u00fbt chez Liberty, magasin historique du coeur de Londres.\n<\/p>\n<p>\n Embl\u00e8me de la mode jeune et branch\u00e9e, autrefois tr\u00e8s populaire, Topshop avait d\u00fb fermer ses boutiques en 2021, emport\u00e9e par la chute de son propri\u00e9taire, Arcadia, notamment \u00e0 cause de la mutation du secteur li\u00e9e \u00e0 la pand\u00e9mie de Covid.\n<\/p>\n<p>\n Elle avait \u00e9t\u00e9 sauv\u00e9e par le groupe britannique de vente de v\u00eatements en ligne Asos, qui n&rsquo;en d\u00e9tient plus aujourd&rsquo;hui qu&rsquo;une part minoritaire. Elle est d\u00e9sormais contr\u00f4l\u00e9 par l&rsquo;homme d&rsquo;affaires danois Anders Holch Povlsen, propri\u00e9taire du groupe de mode Bestseller.\n<\/p>\n<p>\n La vari\u00e9t\u00e9 des v\u00eatements, la forte r\u00e9activit\u00e9 des stylistes aux tendances des d\u00e9fil\u00e9s, ainsi que les collaborations, notamment avec Kate Moss, ont constitu\u00e9 une cl\u00e9 de sa r\u00e9ussite dans les ann\u00e9es 2000 et 2010.\n<\/p>\n<p>\n Toujours vendu sur internet apr\u00e8s la fermeture de ses magasins, dont la fameuse boutique londonienne d&rsquo;Oxford Street, Topshop a fait ses d\u00e9buts en 1964 dans le sous-sol d&rsquo;un grand magasin de Sheffield, dans le nord de l&rsquo;Angleterre.<\/p>\n","protected":false},"excerpt":{"rendered":"L&#8217;embl\u00e9matique enseigne britannique de fast-fashion Topshop fera son retour dans les art\u00e8res commer\u00e7antes du Royaume-Uni en f\u00e9vrier 2026,&hellip;\n","protected":false},"author":2,"featured_media":363427,"comment_status":"","ping_status":"","sticky":false,"template":"","format":"standard","meta":{"footnotes":""},"categories":[1588],"tags":[400,11,398,408,405,1777,674,403,402,399,404,12,473,1853,401,406,1851,1850,1852,407],"class_list":{"0":"post-363426","1":"post","2":"type-post","3":"status-publish","4":"format-standard","5":"has-post-thumbnail","7":"category-royaume-uni","8":"tag-action-cac-40","9":"tag-actualites","10":"tag-bourse-de-paris","11":"tag-boursorama","12":"tag-cotations","13":"tag-eu","14":"tag-europe","15":"tag-indices-devises","16":"tag-investir","17":"tag-investissement","18":"tag-marche-boursier","19":"tag-news","20":"tag-royaume-uni","21":"tag-royaume-uni-de-grande-bretagne-et-dirlande-du-nord","22":"tag-sicav","23":"tag-trackers","24":"tag-uk","25":"tag-united-kingdom","26":"tag-united-kingdom-of-great-britain-and-northern-ireland","27":"tag-warrants"},"share_on_mastodon":{"url":"https:\/\/pubeurope.com\/@fr\/115140825211382246","error":""},"_links":{"self":[{"href":"https:\/\/www.europesays.com\/fr\/wp-json\/wp\/v2\/posts\/363426","targetHints":{"allow":["GET"]}}],"collection":[{"href":"https:\/\/www.europesays.com\/fr\/wp-json\/wp\/v2\/posts"}],"about":[{"href":"https:\/\/www.europesays.com\/fr\/wp-json\/wp\/v2\/types\/post"}],"author":[{"embeddable":true,"href":"https:\/\/www.europesays.com\/fr\/wp-json\/wp\/v2\/users\/2"}],"replies":[{"embeddable":true,"href":"https:\/\/www.europesays.com\/fr\/wp-json\/wp\/v2\/comments?post=363426"}],"version-history":[{"count":0,"href":"https:\/\/www.europesays.com\/fr\/wp-json\/wp\/v2\/posts\/363426\/revisions"}],"wp:featuredmedia":[{"embeddable":true,"href":"https:\/\/www.europesays.com\/fr\/wp-json\/wp\/v2\/media\/363427"}],"wp:attachment":[{"href":"https:\/\/www.europesays.com\/fr\/wp-json\/wp\/v2\/media?parent=363426"}],"wp:term":[{"taxonomy":"category","embeddable":true,"href":"https:\/\/www.europesays.com\/fr\/wp-json\/wp\/v2\/categories?post=363426"},{"taxonomy":"post_tag","embeddable":true,"href":"https:\/\/www.europesays.com\/fr\/wp-json\/wp\/v2\/tags?post=363426"}],"curies":[{"name":"wp","href":"https:\/\/api.w.org\/{rel}","templated":true}]}}