{"id":363430,"date":"2025-09-03T14:26:18","date_gmt":"2025-09-03T14:26:18","guid":{"rendered":"https:\/\/www.europesays.com\/fr\/363430\/"},"modified":"2025-09-03T14:26:18","modified_gmt":"2025-09-03T14:26:18","slug":"cette-decision-de-leurope-est-une-honte-et-un-desastre-pour-notre-economie","status":"publish","type":"post","link":"https:\/\/www.europesays.com\/fr\/363430\/","title":{"rendered":"Cette d\u00e9cision de l&rsquo;Europe est une honte et un d\u00e9sastre pour notre \u00e9conomie"},"content":{"rendered":"<p><a href=\"https:\/\/www.lalibre.be\/economie\/entreprises-startup\/2025\/09\/02\/google-echappe-a-lobligation-de-vendre-chrome-decide-un-juge-americain-BDQYVTYPM5A7FISD7ALOU32RBE\/\" target=\"_blank\" rel=\"noopener noreferrer nofollow\" class=\"ap-StoryInterstitialLink ap-StoryElement ap-StoryElement--mb js-paywall-target\">Google \u00e9chappe \u00e0 l&rsquo;obligation de vendre Chrome, d\u00e9cide un juge am\u00e9ricain<\/a>La possible raison d&rsquo;un report<\/p>\n<p class=\"ap-StoryElement ap-StoryElement--mb ap-StoryText\">Selon plusieurs sources proches du dossier cit\u00e9es par l&rsquo;agence Reuters, les services de la commissaire europ\u00e9enne \u00e0 la concurrence, Teresa Ribera, avaient pourtant averti Google vendredi dernier que la d\u00e9cision serait annonc\u00e9e d\u00e8s le lundi suivant. Mais en coulisses, le commissaire europ\u00e9en au Commerce, Maros Sefcovic, aurait demand\u00e9 des \u00e9claircissements, poussant \u00e0 un report pouvant aller \u00e0 plusieurs semaines.<\/p>\n<p class=\"ap-StoryElement ap-StoryElement--mb ap-StoryText\">L&rsquo;explication tiendrait aux n\u00e9gociations sur les droits de douane entre l&rsquo;UE et l&rsquo;administration Trump. L&rsquo;objectif ? Temporiser le temps que l&rsquo;accord soit officiellement sign\u00e9. En effet, apr\u00e8s des mois de bras de fer, un accord a \u00e9t\u00e9 trouv\u00e9 pr\u00e9voyant une r\u00e9duction des taxes am\u00e9ricaines sur les voitures europ\u00e9ennes, de 27,5 %<a href=\"https:\/\/www.lalibre.be\/economie\/conjoncture\/2025\/08\/21\/droits-de-douane-americains-voici-comment-seront-taxes-le-vin-les-voitures-et-les-produits-pharmaceutiques-europeens-aux-etats-unis-IKSSADR2JJCRPCQBL5E2DNJYZ4\/\" target=\"_self\" rel=\"nofollow noopener\"> actuellement \u00e0 15 %<\/a>. Un geste attendu par l&rsquo;industrie automobile europ\u00e9enne (qui a export\u00e9 pour 38,5 milliards d&rsquo;euros en 2024). \u00ab\u00a0Il s&rsquo;agit d&rsquo;un accord strat\u00e9gique important, que nous soutenons pleinement\u00a0\u00bb, affirmait il y a quelques semaines Maros Sefcovic lors de cette annonce. Sauf que la d\u00e9cision n&rsquo;est pas encore formalis\u00e9e, et la Commission aurait choisi d&rsquo;\u00e9viter toute provocation susceptible de compromettre ce compromis.<\/p>\n<blockquote class=\"ap-StoryQuote ap-StoryQuote--pullquote\"><p>guillement<\/p>\n<p class=\"ap-StoryQuote-text\">Cela fait sept ans que nous transmettons des informations \u00e0 la Commission. Tout cela pour qu&rsquo;\u00e0 la fin, elle nous utilise en faisant de nous un argument de n\u00e9gociation\u00a0\u00bb<\/p>\n<\/blockquote>\n<p>L&rsquo;Allemagne r\u00e9agit d\u00e9j\u00e0<\/p>\n<p class=\"ap-StoryElement ap-StoryElement--mb ap-StoryText\">Cette possible prudence ne fait en tout cas pas l&rsquo;unanimit\u00e9. En Allemagne, les autorit\u00e9s de la concurrence haussent le ton. \u00ab\u00a0La protection de la concurrence ne doit pas devenir l&rsquo;otage de l&rsquo;administration Trump\u00a0\u00bb, a d\u00e9nonc\u00e9 Tomaso Duso, leur pr\u00e9sident. Il redoute que l&rsquo;ind\u00e9pendance de la politique antitrust europ\u00e9enne soit affaiblie si les sanctions contre les g\u00e9ants du num\u00e9rique se retrouvent li\u00e9es \u00e0 des consid\u00e9rations commerciales.<\/p>\n<p><a href=\"https:\/\/www.lalibre.be\/economie\/entreprises-startup\/2025\/05\/12\/google-met-en-garde-le-patron-de-proxistore-on-me-demande-de-me-taire-PVCMGF5S4ZGXLMMF2EOJVJIB3E\/\" target=\"_blank\" rel=\"noopener noreferrer nofollow\" class=\"ap-StoryInterstitialLink ap-StoryElement ap-StoryElement--mb\">Google met en garde le patron de Proxistore : \u00ab\u00a0De la pure intimidation. On me demande de me taire !\u00a0\u00bb<\/a><\/p>\n<p class=\"ap-StoryElement ap-StoryElement--mb ap-StoryText\">Cette piste est malgr\u00e9 tout \u00e0 prendre avec des pincettes \u00e9tant donn\u00e9 que d&rsquo;autres \u00e9l\u00e9ments, plus techniques, pourraient expliquer ce report de sanction \u00e0 Google. \u00c0 noter que l&rsquo;entreprise am\u00e9ricaine, de son c\u00f4t\u00e9, reste silencieuse pour l&rsquo;instant.<\/p>\n<p>\u00ab\u00a0O\u00f9 est la d\u00e9mocratie dans tout \u00e7a ?\u00a0\u00bb : La col\u00e8re d&rsquo;un acteur belge en croisade contre Google<\/p>\n<p class=\"ap-StoryElement ap-StoryElement--mb ap-StoryText\">Du c\u00f4t\u00e9 de la Belgique aussi, les voix s&rsquo;\u00e9l\u00e8vent. \u00c0 commencer par Bruno Van Boucq, fondateur et CEO de la soci\u00e9t\u00e9 belge sp\u00e9cialis\u00e9e dans la publicit\u00e9 en ligne Proxistore. Depuis quelques mois, ce dernier est en conflit juridique avec Google, l&rsquo;accusant d&rsquo;avoir bloqu\u00e9 \u00ab\u00a0unilat\u00e9ralement et sans raison\u00a0\u00bb des campagnes publicitaires. Un combat devant le tribunal que<a href=\"https:\/\/www.lalibre.be\/economie\/entreprises-startup\/2025\/06\/11\/la-start-up-belge-proxistore-gagne-son-bras-de-fer-contre-google-WFCXJGKOHRCPTDDEMFN5BHWUVA\/\" target=\"_self\" rel=\"nofollow noopener\"> la PME belge a d&rsquo;ailleurs gagn\u00e9.<\/a><\/p>\n<p class=\"ap-StoryElement ap-StoryElement--mb ap-StoryText\">\u00ab\u00a0Je suis furieux\u00a0\u00bb, ass\u00e8ne-t-il directement en r\u00e9action \u00e0 la nouvelle. \u00ab\u00a0Cela fait sept ans que nous documentons cet abus de position et que nous transmettons les informations \u00e0 la Commission. Tout cela pour qu&rsquo;\u00e0 la fin, elle nous utilise en faisant de nous un argument de n\u00e9gociation pour une tout autre industrie. Non seulement c&rsquo;est injuste, mais en plus on se sent vol\u00e9 de notre temps, de notre argent, de notre business. Et pendant ce temps, on continue \u00e0 subir l&rsquo;abus de Google alors que tout le monde est au courant que l&rsquo;entreprise abuse de sa position, en Europe comme aux \u00c9tats-Unis. Mais o\u00f9 est la d\u00e9mocratie dans tout \u00e7a ? !\u00a0\u00bb<\/p>\n<p class=\"ap-StoryElement ap-StoryElement--mb ap-StoryText\">Il ajoute : \u00ab\u00a0Nous sommes en train de d\u00e9fendre une industrie europ\u00e9enne en d\u00e9clin au d\u00e9triment d&rsquo;un secteur extr\u00eamement important pour notre avenir, \u00e0 savoir toute l&rsquo;industrie digitale. Nous sommes bloqu\u00e9s par nos propres organisations et cela est extr\u00eamement grave. Ce n&rsquo;est pas seulement une honte mais c&rsquo;est aussi un d\u00e9sastre pour notre \u00e9conomie\u00a0\u00bb.<\/p>\n","protected":false},"excerpt":{"rendered":"Google \u00e9chappe \u00e0 l&rsquo;obligation de vendre Chrome, d\u00e9cide un juge am\u00e9ricainLa possible raison d&rsquo;un report Selon plusieurs sources&hellip;\n","protected":false},"author":2,"featured_media":363431,"comment_status":"","ping_status":"","sticky":false,"template":"","format":"standard","meta":{"footnotes":""},"categories":[1586],"tags":[11,1777,674,1011,27,21438,12,25],"class_list":{"0":"post-363430","1":"post","2":"type-post","3":"status-publish","4":"format-standard","5":"has-post-thumbnail","7":"category-europe","8":"tag-actualites","9":"tag-eu","10":"tag-europe","11":"tag-fr","12":"tag-france","13":"tag-logo","14":"tag-news","15":"tag-republique-francaise"},"share_on_mastodon":{"url":"https:\/\/pubeurope.com\/@fr\/115140833162477397","error":""},"_links":{"self":[{"href":"https:\/\/www.europesays.com\/fr\/wp-json\/wp\/v2\/posts\/363430","targetHints":{"allow":["GET"]}}],"collection":[{"href":"https:\/\/www.europesays.com\/fr\/wp-json\/wp\/v2\/posts"}],"about":[{"href":"https:\/\/www.europesays.com\/fr\/wp-json\/wp\/v2\/types\/post"}],"author":[{"embeddable":true,"href":"https:\/\/www.europesays.com\/fr\/wp-json\/wp\/v2\/users\/2"}],"replies":[{"embeddable":true,"href":"https:\/\/www.europesays.com\/fr\/wp-json\/wp\/v2\/comments?post=363430"}],"version-history":[{"count":0,"href":"https:\/\/www.europesays.com\/fr\/wp-json\/wp\/v2\/posts\/363430\/revisions"}],"wp:featuredmedia":[{"embeddable":true,"href":"https:\/\/www.europesays.com\/fr\/wp-json\/wp\/v2\/media\/363431"}],"wp:attachment":[{"href":"https:\/\/www.europesays.com\/fr\/wp-json\/wp\/v2\/media?parent=363430"}],"wp:term":[{"taxonomy":"category","embeddable":true,"href":"https:\/\/www.europesays.com\/fr\/wp-json\/wp\/v2\/categories?post=363430"},{"taxonomy":"post_tag","embeddable":true,"href":"https:\/\/www.europesays.com\/fr\/wp-json\/wp\/v2\/tags?post=363430"}],"curies":[{"name":"wp","href":"https:\/\/api.w.org\/{rel}","templated":true}]}}