{"id":363432,"date":"2025-09-03T14:27:15","date_gmt":"2025-09-03T14:27:15","guid":{"rendered":"https:\/\/www.europesays.com\/fr\/363432\/"},"modified":"2025-09-03T14:27:15","modified_gmt":"2025-09-03T14:27:15","slug":"accord-ue-mercosur-la-commission-europeenne-approuve-le-texte-et-appelle-les-vingt-sept-a-le-valider","status":"publish","type":"post","link":"https:\/\/www.europesays.com\/fr\/363432\/","title":{"rendered":"Accord UE-Mercosur\u00a0: la Commission europ\u00e9enne approuve le texte et appelle les Vingt-Sept \u00e0 le valider"},"content":{"rendered":"<p>C\u2019est fait. La Commission europ\u00e9enne vient d\u2019approuver, mercredi 3 septembre, l\u2019accord commercial <a href=\"https:\/\/www.valeursactuelles.com\/monde\/si-cetait-une-condition-extreme-oui-javier-milei-ouvre-la-porte-a-un-depart-de-largentine-du-mercosur-pour-conclure-un-accord-de-libre-echange-avec-les-etats-unis\" target=\"_blank\" rel=\"noopener\">avec les pays latino-am\u00e9ricains<\/a> du Mercosur, rapporte <a href=\"https:\/\/www.bfmtv.com\/international\/europe\/video-accord-commercial-ue-mercosur-la-commission-europeenne-valide-le-texte_VN-202509030622.html\" target=\"_blank\" rel=\"nofollow noopener\">BFM TV<\/a>. Une premi\u00e8re \u00e9tape, car d\u00e9sormais ce sont les 27 pays membres de l\u2019Union europ\u00e9enne qui doivent valider le texte pour qu\u2019il entre en vigueur.<\/p>\n<p><a href=\"https:\/\/www.valeursactuelles.com\/clubvaleurs\/economie\/matthieu-hocque-laccord-avec-le-mercosur-illustre-les-folies-europeennes\" class=\"h-flex h-align-items-center h-border-tb h-ptb-15\" target=\"_blank\" rel=\"noopener\">A\u00a0LIRE\u00a0Accord de libre-\u00e9change entre l\u2019Union europ\u00e9enne et l\u2019Am\u00e9rique du Sud : \u00ab\u00a0Le Mercosur illustre les folies europ\u00e9ennes\u00a0\u00bb, constate Matthieu Hocque<\/a><\/p>\n<p>Pour tenter de convaincre la France, Bruxelles a promis des garanties \u00ab robustes \u00bb aux agriculteurs. Jusqu\u2019ici, Paris ne souhaitait pas de cet accord. Pour tenter de rassurer le gouvernement fran\u00e7ais, la Commission promet dor\u00e9navant de compl\u00e9ter l\u2019accord par un \u00ab acte juridique \u00bb renfor\u00e7ant les mesures de sauvegarde pour \u00ab les produits europ\u00e9ens sensibles \u00bb.<\/p>\n<p>L\u2019ex\u00e9cutif europ\u00e9en s\u2019engage \u00e0 intervenir en cas d\u2019impact n\u00e9gatif des importations sur certaines fili\u00e8res, comme le b\u0153uf, la volaille, le sucre et l\u2019\u00e9thanol.<\/p>\n<p>Ursula Von der Leyen affirme avoir \u00ab \u00e9cout\u00e9 \u00bb les agriculteurs<\/p>\n<p><a href=\"https:\/\/www.valeursactuelles.com\/tag\/ursula-von-der-leyen\" target=\"_blank\" rel=\"noopener\">La pr\u00e9sidente de la Commission<\/a> affirme, dans une publication <a href=\"https:\/\/x.com\/vonderleyen\/status\/1963217117978734912\" target=\"_blank\" rel=\"nofollow noopener\">sur X<\/a>, avoir \u00ab \u00e9cout\u00e9 attentivement \u00bb agriculteurs et \u00c9tats membres. \u00ab Nous avons mis en place des garanties encore plus solides, juridiquement contraignantes, pour les rassurer \u00bb, a-t-elle soulign\u00e9 sur le r\u00e9seau social X.<\/p>\n<blockquote class=\"twitter-tweet\">\n<p dir=\"ltr\" lang=\"en\">The agreements with Mercosur &amp; Mexico are milestones.<\/p>\n<p>Europe doubles down on diversification.<\/p>\n<p>It means new partnerships, with fresh opportunities.<\/p>\n<p>EU businesses and agri-food sector will benefit from lower tariffs, reduced costs.<\/p>\n<p>They will become more competitive globally.<\/p>\n<p>\u2014 Ursula von der Leyen (@vonderleyen) <a href=\"https:\/\/twitter.com\/vonderleyen\/status\/1963217117978734912?ref_src=twsrc%5Etfw\" target=\"_blank\" rel=\"noopener\">September 3, 2025<\/a><\/p>\n<\/blockquote>\n<p>Des mesures imm\u00e9diatement salu\u00e9es \u00e0 Paris. La porte-parole du gouvernement Sophie Primas s\u2019est r\u00e9jouie que l\u2019Union europ\u00e9enne \u00ab ait entendu les r\u00e9serves \u00bb fran\u00e7aises.<\/p>\n<p>Bruxelles esp\u00e8re obtenir leur aval avant fin d\u00e9cembre, tant que le Br\u00e9silien Lula occupe la pr\u00e9sidence tournante du Mercosur. Cet accord doit notamment permettre \u00e0 l\u2019Union europ\u00e9enne d\u2019exporter davantage de voitures, de machines, de vins et de spiritueux en Argentine, au Br\u00e9sil, en Uruguay et au Paraguay.<\/p>\n<p>                                                                    <script async src=\"https:\/\/platform.twitter.com\/widgets.js\" charset=\"utf-8\"><\/script><\/p>\n","protected":false},"excerpt":{"rendered":"C\u2019est fait. La Commission europ\u00e9enne vient d\u2019approuver, mercredi 3 septembre, l\u2019accord commercial avec les pays latino-am\u00e9ricains du Mercosur,&hellip;\n","protected":false},"author":2,"featured_media":363433,"comment_status":"","ping_status":"","sticky":false,"template":"","format":"standard","meta":{"footnotes":""},"categories":[1586],"tags":[11,2572,2196,1777,674,1779,1011,27,21426,12,25,1778,364,2544],"class_list":{"0":"post-363432","1":"post","2":"type-post","3":"status-publish","4":"format-standard","5":"has-post-thumbnail","7":"category-europe","8":"tag-actualites","9":"tag-agriculteurs","10":"tag-commission-europeenne","11":"tag-eu","12":"tag-europe","13":"tag-european-union","14":"tag-fr","15":"tag-france","16":"tag-mercosur","17":"tag-news","18":"tag-republique-francaise","19":"tag-ue","20":"tag-union-europeenne","21":"tag-ursula-von-der-leyen"},"share_on_mastodon":{"url":"https:\/\/pubeurope.com\/@fr\/115140837003173794","error":""},"_links":{"self":[{"href":"https:\/\/www.europesays.com\/fr\/wp-json\/wp\/v2\/posts\/363432","targetHints":{"allow":["GET"]}}],"collection":[{"href":"https:\/\/www.europesays.com\/fr\/wp-json\/wp\/v2\/posts"}],"about":[{"href":"https:\/\/www.europesays.com\/fr\/wp-json\/wp\/v2\/types\/post"}],"author":[{"embeddable":true,"href":"https:\/\/www.europesays.com\/fr\/wp-json\/wp\/v2\/users\/2"}],"replies":[{"embeddable":true,"href":"https:\/\/www.europesays.com\/fr\/wp-json\/wp\/v2\/comments?post=363432"}],"version-history":[{"count":0,"href":"https:\/\/www.europesays.com\/fr\/wp-json\/wp\/v2\/posts\/363432\/revisions"}],"wp:featuredmedia":[{"embeddable":true,"href":"https:\/\/www.europesays.com\/fr\/wp-json\/wp\/v2\/media\/363433"}],"wp:attachment":[{"href":"https:\/\/www.europesays.com\/fr\/wp-json\/wp\/v2\/media?parent=363432"}],"wp:term":[{"taxonomy":"category","embeddable":true,"href":"https:\/\/www.europesays.com\/fr\/wp-json\/wp\/v2\/categories?post=363432"},{"taxonomy":"post_tag","embeddable":true,"href":"https:\/\/www.europesays.com\/fr\/wp-json\/wp\/v2\/tags?post=363432"}],"curies":[{"name":"wp","href":"https:\/\/api.w.org\/{rel}","templated":true}]}}