{"id":363434,"date":"2025-09-03T14:28:11","date_gmt":"2025-09-03T14:28:11","guid":{"rendered":"https:\/\/www.europesays.com\/fr\/363434\/"},"modified":"2025-09-03T14:28:11","modified_gmt":"2025-09-03T14:28:11","slug":"decouvrez-la-premiere-selection-les-favoris-sont-la","status":"publish","type":"post","link":"https:\/\/www.europesays.com\/fr\/363434\/","title":{"rendered":"d\u00e9couvrez la premi\u00e8re s\u00e9lection, les favoris sont l\u00e0 !"},"content":{"rendered":"<p>Le laur\u00e9at 2025 du Prix Goncourt 2025 se trouve parmi ces quinze auteurs s\u00e9lectionn\u00e9s par le prestigieux jury. Qui succ\u00e9dera \u00e0 Kamel Daoud, vainqueur de l\u2019\u00e9dition 2024, avec Houris ?<\/p>\n<p class=\"fig-paragraph\">R\u00e9uni chez Drouant, sous la pr\u00e9sidence de Philippe Claudel, le jury du Prix Goncourt, a d\u00e9livr\u00e9 sa premi\u00e8re s\u00e9lection. Le moins que l\u2019on puisse dire est que les favoris \u2013 ceux dont la presse a abondamment parl\u00e9 \u2013 sont pr\u00e9sents. Par ordre alphab\u00e9tique\u00a0: Nathacha Appanah, Emmanuel Carr\u00e8re et Laurent Mauvignier. On note \u00e9galement des d\u00e9couvertes\u00a0: Guillaume Poix, ancien Prix Wepler, H\u00e9l\u00e8ne Laurain, David Thomas, ainsi que David Deneufgermain et Paul Gasnier, qui publient tous deux leur premier livre.<\/p>\n<p class=\"fig-paragraph\">C\u00f4t\u00e9 \u00e9diteurs\u00a0: la grande surprise est l\u2019absence notable d\u2019un titre publi\u00e9 par Grasset. Stock et Gallimard tirent leur \u00e9pingle du jeu, avec deux textes chacun. Des \u00ab petites\u00a0\u00bb maisons (Marchialy, Verdier, Verticales) viennent troubler la comp\u00e9tition. Rappelons que ces quinze auteurs concourent \u00e9galement au tr\u00e8s prescripteur Goncourt des lyc\u00e9ens.<\/p>\n<p>                                    <a class=\"fig-a11y-skip a11y-hidden\" href=\"#fig-a11y-skip-main-inarticle\"><br \/>\n        Passer la publicit\u00e9<br \/>\n    <\/a><\/p>\n<p class=\"fig-paragraph\">Peut-\u00eatre faut-il relever une r\u00e9volution souterraine\u00a0: la fin de l\u2019omnipr\u00e9sence du roman, puisque plusieurs textes, dont les auteurs sont favoris, ne sont pas des fictions, La Nuit au c\u0153ur de Nathacha Apannah, et Kolkhoze, d\u2019Emmanuel Carr\u00e8re, d\u00e9j\u00e0 aur\u00e9ol\u00e9 de deux grands prix, le Femina et le Renaudot.<\/p>\n<p class=\"fig-paragraph\">Nathacha APPANAH, La nuit au coeur (Gallimard)<\/p>\n<p class=\"fig-paragraph\">Emmanuel CARR\u00c8RE, Kolkhoze (P.O.L)<\/p>\n<p class=\"fig-paragraph\">David DENEUFGERMAIN, L\u2019adieu au visage (Marchialy)<\/p>\n<p class=\"fig-paragraph\">David DIOP, O\u00f9 s\u2019adosse le ciel (Julliard)<\/p>\n<p>                                    <a class=\"fig-a11y-skip a11y-hidden\" href=\"#fig-a11y-skip-main-inarticle_mtf\"><br \/>\n        Passer la publicit\u00e9<br \/>\n    <\/a><\/p>\n<p class=\"fig-paragraph\">Ghislaine DUNANT, Un amour infini (Albin Michel)<\/p>\n<p class=\"fig-paragraph\">Paul GASNIER, La collision (Gallimard)<\/p>\n<p class=\"fig-paragraph\">Yanick LAHENS, Passag\u00e8res de nuit (Sabine Wespieser)<\/p>\n<p class=\"fig-paragraph\">Caroline LAMARCHE, Le bel obscur (Seuil)<\/p>\n<p class=\"fig-paragraph\">H\u00e9l\u00e8ne LAURAIN, Tambora (Verdier)<\/p>\n<p>                                    <a class=\"fig-a11y-skip a11y-hidden\" href=\"#fig-a11y-skip-main-inarticle_btf\"><br \/>\n        Passer la publicit\u00e9<br \/>\n    <\/a><\/p>\n<p class=\"fig-paragraph\">Charif MAJDALANI, Le nom des rois (Stock)<\/p>\n<p class=\"fig-paragraph\">Laurent MAUVIGNIER, La maison vide (Minuit)<\/p>\n<p class=\"fig-paragraph\">Alfred de MONTESQUIOU, Le cr\u00e9puscule des hommes (Robert Laffont)<\/p>\n<p class=\"fig-paragraph\">Guillaume POIX, Perp\u00e9tuit\u00e9 (Verticales)<\/p>\n<p class=\"fig-paragraph\">Maria POURCHET, Tressaillir (Stock)<\/p>\n<p class=\"fig-paragraph\">David THOMAS, Un fr\u00e8re (L\u2019Olivier)<\/p>\n<p class=\"fig-paragraph\">Saviez-vous que l\u2019heureux laur\u00e9at ne re\u00e7oit qu\u2019un ch\u00e8que de 10 euros\u00a0? Mais on le sait, le Goncourt offre bien plus \u00e0 son laur\u00e9at, l\u2019assurance de vendre plusieurs centaines de milliers d\u2019exemplaires gr\u00e2ce \u00e0 l\u2019effet catalyseur du fameux bandeau rouge appos\u00e9 sur la couverture du livre, et une notori\u00e9t\u00e9 extraordinaire.<\/p>\n<p class=\"fig-paragraph\">Prochaine s\u00e9lection, qui sera r\u00e9duite de moiti\u00e9, le mardi 7 octobre.<\/p>\n<p class=\"fig-paragraph\">Le jury, pr\u00e9sid\u00e9 par Philippe Claudel, est compos\u00e9 de Christine Angot, Pierre Assouline, Tahar Ben Jelloun, Pascal Bruckner, Paule Constant, Fran\u00e7oise Chandernagor, Didier Decoin, Camille Laurens, Eric-Emmanuel Schmitt.<\/p>\n","protected":false},"excerpt":{"rendered":"Le laur\u00e9at 2025 du Prix Goncourt 2025 se trouve parmi ces quinze auteurs s\u00e9lectionn\u00e9s par le prestigieux jury.&hellip;\n","protected":false},"author":2,"featured_media":363435,"comment_status":"","ping_status":"","sticky":false,"template":"","format":"standard","meta":{"footnotes":""},"categories":[2],"tags":[11,1011,27,12,18630,25],"class_list":{"0":"post-363434","1":"post","2":"type-post","3":"status-publish","4":"format-standard","5":"has-post-thumbnail","7":"category-actualites","8":"tag-actualites","9":"tag-fr","10":"tag-france","11":"tag-news","12":"tag-prix-goncourt","13":"tag-republique-francaise"},"share_on_mastodon":{"url":"https:\/\/pubeurope.com\/@fr\/115140840965559582","error":""},"_links":{"self":[{"href":"https:\/\/www.europesays.com\/fr\/wp-json\/wp\/v2\/posts\/363434","targetHints":{"allow":["GET"]}}],"collection":[{"href":"https:\/\/www.europesays.com\/fr\/wp-json\/wp\/v2\/posts"}],"about":[{"href":"https:\/\/www.europesays.com\/fr\/wp-json\/wp\/v2\/types\/post"}],"author":[{"embeddable":true,"href":"https:\/\/www.europesays.com\/fr\/wp-json\/wp\/v2\/users\/2"}],"replies":[{"embeddable":true,"href":"https:\/\/www.europesays.com\/fr\/wp-json\/wp\/v2\/comments?post=363434"}],"version-history":[{"count":0,"href":"https:\/\/www.europesays.com\/fr\/wp-json\/wp\/v2\/posts\/363434\/revisions"}],"wp:featuredmedia":[{"embeddable":true,"href":"https:\/\/www.europesays.com\/fr\/wp-json\/wp\/v2\/media\/363435"}],"wp:attachment":[{"href":"https:\/\/www.europesays.com\/fr\/wp-json\/wp\/v2\/media?parent=363434"}],"wp:term":[{"taxonomy":"category","embeddable":true,"href":"https:\/\/www.europesays.com\/fr\/wp-json\/wp\/v2\/categories?post=363434"},{"taxonomy":"post_tag","embeddable":true,"href":"https:\/\/www.europesays.com\/fr\/wp-json\/wp\/v2\/tags?post=363434"}],"curies":[{"name":"wp","href":"https:\/\/api.w.org\/{rel}","templated":true}]}}