{"id":363438,"date":"2025-09-03T14:30:22","date_gmt":"2025-09-03T14:30:22","guid":{"rendered":"https:\/\/www.europesays.com\/fr\/363438\/"},"modified":"2025-09-03T14:30:22","modified_gmt":"2025-09-03T14:30:22","slug":"non-giorgia-meloni-na-jamais-dit-que-la-france-va-devenir-lun-des-pays-les-plus-pauvres-du-monde","status":"publish","type":"post","link":"https:\/\/www.europesays.com\/fr\/363438\/","title":{"rendered":"Non, Giorgia Meloni n&rsquo;a jamais dit que la France va devenir l&rsquo;un des pays \u00ab\u00a0les plus pauvres du monde\u00a0\u00bb\u00a0"},"content":{"rendered":"<p>Un recadrage en r\u00e8gle ? Selon <a href=\"https:\/\/archive.ph\/Utxll\" rel=\"nofollow noopener\" target=\"_blank\">une vid\u00e9o<\/a> diffus\u00e9e sur plusieurs r\u00e9seaux sociaux (Tiktok, Facebook, X), Giorgia Meloni, la cheffe de gouvernement italien aurait vertement critiqu\u00e9 la France : \u00ab\u00a0Giorgia Meloni furieuse contre la France : le jour viendra o\u00f9 la France sera class\u00e9e parmi les pays les plus pauvres du monde\u00bb, rapportent de nombreuses publications qui semblent avoir toutes copi\u00e9 coller le m\u00eame message.\u00a0<\/p>\n<p>\u00abElle accuse Emmanuel Macron d\u2019avoir insult\u00e9 l\u2019Italie en traitant ses dirigeants d\u2019\u00abirresponsables \u00bb et rappelle : \u00a0L\u2019Italie ne s\u2019est jamais d\u00e9velopp\u00e9e en pillant les ressources africaines. Elle n\u2019a jamais profit\u00e9 du franc CFA pour asseoir sa puissance \u00e9conomique\u00a0\u00bb, poursuit le texte.<\/p>\n<p>La vid\u00e9o m\u00e9lange de vraies images de la pr\u00e9sidente du Conseil italien, mais \u00e9galement des images caricaturales du pr\u00e9sident fran\u00e7ais, manifestement g\u00e9n\u00e9r\u00e9 \u00e0 l\u2019aide d\u2019un outil d\u2019intelligence artificielle.\u00a0<\/p>\n<p>Mais en r\u00e9alit\u00e9, cette pr\u00e9tendue d\u00e9claration de Giorgia Meloni ne figure nulle part et semble plut\u00f4t sortir de l\u2019esprit d\u2019un internaute.\u00a0<\/p>\n<p><strong>Aucune trace d\u2019une telle d\u00e9claration\u00a0<\/strong><\/p>\n<p>Les Surligneurs n\u2019ont trouv\u00e9 aucune trace de ces propos attribu\u00e9s \u00e0 la cheffe du gouvernement italien. Ni la presse italienne ou fran\u00e7aise, <a href=\"https:\/\/www.governo.it\/it\" rel=\"nofollow noopener\" target=\"_blank\">ni les communiqu\u00e9s officiels de Rome<\/a>, ni les r\u00e9centes prises de parole de Giorgia Meloni, <a href=\"https:\/\/www.giorgiameloni.it\/\" rel=\"nofollow noopener\" target=\"_blank\">ni son blog<\/a>, ne font \u00e9tat d\u2019une telle attaque contre la France.<\/p>\n<p>M\u00eame absence de preuves s\u2019agissant des propos attribu\u00e9s \u00e0 Emmanuel Macron, qui aurait qualifi\u00e9 les dirigeants italiens \u00ab d\u2019irresponsables \u00bb selon certaines publications : aucune source fiable n\u2019en fait \u00e9tat.<\/p>\n<p>Des d\u00e9clarations de cet acabit auraient sans doute suscit\u00e9 une large couverture m\u00e9diatique et une r\u00e9action diplomatique, \u00e0 l\u2019image de l\u2019\u00e9pisode survenu le 21 ao\u00fbt 2025 apr\u00e8s les propos du vice-pr\u00e9sident du Conseil, Matteo Salvini, concernant le conflit en Ukraine.\u00a0<\/p>\n<p><a href=\"https:\/\/www.lemonde.fr\/international\/article\/2025\/08\/24\/en-italie-matteo-salvini-charge-a-nouveau-la-politique-d-emmanuel-macron_6634572_3210.html\" rel=\"nofollow noopener\" target=\"_blank\">Lors d\u2019un \u00e9v\u00e9nement \u00e0 Milan le 20 ao\u00fbt<\/a>, l\u2019homme politique d\u2019extr\u00eame droite, s\u2019est adress\u00e9 directement au pr\u00e9sident fran\u00e7ais en lan\u00e7ant : \u00ab Vas-y si tu veux. Mets ton casque, ta veste, ton fusil, et va en Ukraine \u00bb. Le lendemain, l\u2019ambassadrice d\u2019Italie en France, Emanuela D\u2019Alessandro, <a href=\"https:\/\/www.courrierinternational.com\/article\/vu-d-italie-en-convoquant-l-ambassadrice-italienne-l-elysee-n-a-pas-laisse-passer-la-derniere-sortie-de-salvini_234286\" rel=\"nofollow noopener\" target=\"_blank\">a \u00e9t\u00e9 convoqu\u00e9e \u00e0 l\u2019\u00c9lys\u00e9e<\/a>. \u00ab\u00a0La tension monte\u00a0\u00bb entre Rome et Paris, titrait ainsi le quotidien national italien <a href=\"https:\/\/www.repubblica.it\/politica\/2025\/08\/23\/news\/salvini_scontro_roma_parigi_ambasciatrice-424802939\/?ref=RHLF-BG-P1-S1-T1-r251\" rel=\"nofollow noopener\" target=\"_blank\">La Repubblica<\/a>.\u00a0<\/p>\n<p>Dans ce contexte, il para\u00eet peu cr\u00e9dible que de telles d\u00e9clarations, si elles avaient r\u00e9ellement \u00e9t\u00e9 prononc\u00e9es par la cheffe du gouvernement italien, aient pu passer inaper\u00e7ues. Contact\u00e9, le gouvernement italien n\u2019avait pas r\u00e9pondu \u00e0 nos sollicitations au moment de la publication de cet article. M\u00eame silence du c\u00f4t\u00e9 de la diplomatie fran\u00e7aise.<\/p>\n<p><strong>Le franc CFA dans le viseur<\/strong><\/p>\n<p>La diffusion de cette fausse citation intervient dans un climat de relations tendues entre Paris et Rome, mais la vid\u00e9o semble surtout viser un public francophone en Afrique, en mettant en avant la question sensible du franc CFA. Cette monnaie, <a href=\"https:\/\/www.radiofrance.fr\/franceculture\/podcasts\/le-cours-de-l-histoire\/franc-cfa-histoire-de-la-derniere-monnaie-coloniale-1323673\" rel=\"nofollow noopener\" target=\"_blank\">h\u00e9rit\u00e9e de la p\u00e9riode coloniale<\/a> et <a href=\"https:\/\/www.iris-france.org\/179046-quels-scenarios-face-au-rejet-du-franc-cfa-en-afrique-de-louest\/\" rel=\"nofollow noopener\" target=\"_blank\">contest\u00e9e dans certains pays africains<\/a>, reste un sujet r\u00e9current dans les discours hostiles \u00e0 la France.<\/p>\n<p>Giorgia Meloni elle-m\u00eame s\u2019\u00e9tait exprim\u00e9e sur ce th\u00e8me d\u00e8s 2019, alors qu\u2019elle n\u2019\u00e9tait pas encore au pouvoir. Elle avait qualifi\u00e9 le franc CFA de \u00ab monnaie coloniale que la France imprime pour quatorze pays africains \u00bb, l\u2019accusant d\u2019appauvrir ces \u00c9tats au profit de Paris. Toutefois, <a href=\"https:\/\/www.lemonde.fr\/les-decodeurs\/article\/2022\/11\/24\/les-exagerations-et-manipulations-de-giorgia-meloni-sur-le-franc-cfa_6151397_4355770.html\" rel=\"nofollow noopener\" target=\"_blank\">comme l\u2019avait rappel\u00e9 Le Monde en 2022<\/a>, ces propos avaient \u00e9t\u00e9 largement exag\u00e9r\u00e9s et ne refl\u00e9taient qu\u2019une partie de la r\u00e9alit\u00e9 \u00e9conomique.<\/p>\n<p>\u00a0<\/p>\n","protected":false},"excerpt":{"rendered":"Un recadrage en r\u00e8gle ? Selon une vid\u00e9o diffus\u00e9e sur plusieurs r\u00e9seaux sociaux (Tiktok, Facebook, X), Giorgia Meloni,&hellip;\n","protected":false},"author":2,"featured_media":363439,"comment_status":"","ping_status":"","sticky":false,"template":"","format":"standard","meta":{"footnotes":""},"categories":[4],"tags":[11,1011,27,12,25],"class_list":{"0":"post-363438","1":"post","2":"type-post","3":"status-publish","4":"format-standard","5":"has-post-thumbnail","7":"category-france","8":"tag-actualites","9":"tag-fr","10":"tag-france","11":"tag-news","12":"tag-republique-francaise"},"share_on_mastodon":{"url":"https:\/\/pubeurope.com\/@fr\/115140848699362417","error":""},"_links":{"self":[{"href":"https:\/\/www.europesays.com\/fr\/wp-json\/wp\/v2\/posts\/363438","targetHints":{"allow":["GET"]}}],"collection":[{"href":"https:\/\/www.europesays.com\/fr\/wp-json\/wp\/v2\/posts"}],"about":[{"href":"https:\/\/www.europesays.com\/fr\/wp-json\/wp\/v2\/types\/post"}],"author":[{"embeddable":true,"href":"https:\/\/www.europesays.com\/fr\/wp-json\/wp\/v2\/users\/2"}],"replies":[{"embeddable":true,"href":"https:\/\/www.europesays.com\/fr\/wp-json\/wp\/v2\/comments?post=363438"}],"version-history":[{"count":0,"href":"https:\/\/www.europesays.com\/fr\/wp-json\/wp\/v2\/posts\/363438\/revisions"}],"wp:featuredmedia":[{"embeddable":true,"href":"https:\/\/www.europesays.com\/fr\/wp-json\/wp\/v2\/media\/363439"}],"wp:attachment":[{"href":"https:\/\/www.europesays.com\/fr\/wp-json\/wp\/v2\/media?parent=363438"}],"wp:term":[{"taxonomy":"category","embeddable":true,"href":"https:\/\/www.europesays.com\/fr\/wp-json\/wp\/v2\/categories?post=363438"},{"taxonomy":"post_tag","embeddable":true,"href":"https:\/\/www.europesays.com\/fr\/wp-json\/wp\/v2\/tags?post=363438"}],"curies":[{"name":"wp","href":"https:\/\/api.w.org\/{rel}","templated":true}]}}