{"id":363442,"date":"2025-09-03T14:33:14","date_gmt":"2025-09-03T14:33:14","guid":{"rendered":"https:\/\/www.europesays.com\/fr\/363442\/"},"modified":"2025-09-03T14:33:14","modified_gmt":"2025-09-03T14:33:14","slug":"coupe-du-monde-2030-la-prochaine-edition-de-la-coupe-du-monde-en-france-rugby-a-xiii","status":"publish","type":"post","link":"https:\/\/www.europesays.com\/fr\/363442\/","title":{"rendered":"Coupe du monde 2030 &#8211; La prochaine \u00e9dition de la Coupe du monde en France ? &#8211; Rugby \u00e0 XIII"},"content":{"rendered":"<p style=\"text-align: justify;\"><strong>Apr\u00e8s l\u2019\u00e9chec de la tentative d\u2019organisation de l\u2019\u00e9dition 2025, qui se jouera finalement en 2026, la France envisagerait de pouvoir organiser l\u2019\u00e9dition suivante.\u00a0<\/strong><\/p>\n<p style=\"text-align: justify;\">On se souvient tous que <a href=\"https:\/\/treizemondial.fr\/la-france-renonce-a-organiser-la-coupe-du-monde-2025\/\" rel=\"nofollow noopener\" target=\"_blank\">le projet France2025 \u00e9tait tomb\u00e9 \u00e0 l\u2019eau<\/a>. Alors que la France avait \u00e9t\u00e9 d\u00e9sign\u00e9e pour \u00eatre le pays d\u2019h\u00f4te, un projet trop lourd avec l\u2019accueil des quatre comp\u00e9titions simultan\u00e9ment (masculin, f\u00e9minin, fauteuil et jeune) dans des villes non-treizistes ainsi que des baisses dans le budget promis par l\u2019\u00c9tat avaient eu raison du projet fran\u00e7ais. Le Conseil d\u2019Administration du Comit\u00e9 d\u2019Organisation France2025, qui \u00e9tait ind\u00e9pendant de la FFR XIII, avait en effet communiqu\u00e9 en mai 2023 qu\u2019il renon\u00e7ait. Le Coupe du monde sera finalement accueillie conjointement par l\u2019Australie et la Papouasie-Nouvelle-Guin\u00e9e en 2026.<\/p>\n<p style=\"text-align: justify;\">La F\u00e9d\u00e9ration Internationale a d\u00e9cid\u00e9 dor\u00e9navant de s\u00e9parer les diff\u00e9rentes comp\u00e9titions, afin qu\u2019elles puissent \u00eatre organis\u00e9es par des pays diff\u00e9rents. Ainsi, le tournoi f\u00e9minin devrait avoir lieu en 2028 et le para rugby XIII en 2029, tandis que le tournoi masculin aurait lui lieu en 2030.<\/p>\n<p style=\"text-align: justify;\">Cinq nations ont d\u00e9j\u00e0 confirm\u00e9 \u00e0 l\u2019IRL leur souhait d\u2019accueillir la Coupe du monde : le Kenya, la Nouvelle-Z\u00e9lande, la Papouasie-Nouvelle-Guin\u00e9e, les Etats-Unis et l\u2019Afrique du Sud. La France pourrait \u00eatre la sixi\u00e8me. En effet, lors du dernier comit\u00e9 de la FFR XIII, des discussions autour de ce projet ainsi qu\u2019un plan strat\u00e9gique a \u00e9t\u00e9 d\u00e9voil\u00e9.<\/p>\n<p style=\"text-align: justify;\">M\u00eame s\u2019il n\u2019est \u00e0 ce stade qu\u2019un projet, accueillir une Coupe du monde en France avec r\u00e9ussite permettrait au grand public de d\u00e9couvrir ou red\u00e9couvrir notre sport, d\u2019attirer de nouveaux m\u00e9dias et partenaires, et ainsi donner un nouveau souffle \u00e0 notre sport qui en a cruellement besoin. Mais le d\u00e9lai para\u00eet bien court pour pouvoir organiser un tel \u00e9v\u00e8nement. Affaire \u00e0 suivre donc.<\/p>\n","protected":false},"excerpt":{"rendered":"Apr\u00e8s l\u2019\u00e9chec de la tentative d\u2019organisation de l\u2019\u00e9dition 2025, qui se jouera finalement en 2026, la France envisagerait&hellip;\n","protected":false},"author":2,"featured_media":363443,"comment_status":"","ping_status":"","sticky":false,"template":"","format":"standard","meta":{"footnotes":""},"categories":[1416],"tags":[451,49825,14146,1011,27,479,2228,1468,2229,60],"class_list":{"0":"post-363442","1":"post","2":"type-post","3":"status-publish","4":"format-standard","5":"has-post-thumbnail","7":"category-rugby","8":"tag-coupe-du-monde","9":"tag-coupe-du-monde-2030","10":"tag-ffr-xiii","11":"tag-fr","12":"tag-france","13":"tag-rugby","14":"tag-rugby-a-xiii","15":"tag-rugby-football","16":"tag-rugby-league","17":"tag-sports"},"share_on_mastodon":{"url":"https:\/\/pubeurope.com\/@fr\/115140860563108212","error":""},"_links":{"self":[{"href":"https:\/\/www.europesays.com\/fr\/wp-json\/wp\/v2\/posts\/363442","targetHints":{"allow":["GET"]}}],"collection":[{"href":"https:\/\/www.europesays.com\/fr\/wp-json\/wp\/v2\/posts"}],"about":[{"href":"https:\/\/www.europesays.com\/fr\/wp-json\/wp\/v2\/types\/post"}],"author":[{"embeddable":true,"href":"https:\/\/www.europesays.com\/fr\/wp-json\/wp\/v2\/users\/2"}],"replies":[{"embeddable":true,"href":"https:\/\/www.europesays.com\/fr\/wp-json\/wp\/v2\/comments?post=363442"}],"version-history":[{"count":0,"href":"https:\/\/www.europesays.com\/fr\/wp-json\/wp\/v2\/posts\/363442\/revisions"}],"wp:featuredmedia":[{"embeddable":true,"href":"https:\/\/www.europesays.com\/fr\/wp-json\/wp\/v2\/media\/363443"}],"wp:attachment":[{"href":"https:\/\/www.europesays.com\/fr\/wp-json\/wp\/v2\/media?parent=363442"}],"wp:term":[{"taxonomy":"category","embeddable":true,"href":"https:\/\/www.europesays.com\/fr\/wp-json\/wp\/v2\/categories?post=363442"},{"taxonomy":"post_tag","embeddable":true,"href":"https:\/\/www.europesays.com\/fr\/wp-json\/wp\/v2\/tags?post=363442"}],"curies":[{"name":"wp","href":"https:\/\/api.w.org\/{rel}","templated":true}]}}