{"id":363446,"date":"2025-09-03T14:36:16","date_gmt":"2025-09-03T14:36:16","guid":{"rendered":"https:\/\/www.europesays.com\/fr\/363446\/"},"modified":"2025-09-03T14:36:16","modified_gmt":"2025-09-03T14:36:16","slug":"le-motogp-ne-fera-rien-pour-stopper-marquez","status":"publish","type":"post","link":"https:\/\/www.europesays.com\/fr\/363446\/","title":{"rendered":"le MotoGP ne fera rien pour stopper M\u00e1rquez"},"content":{"rendered":"<p>\u00c0 la veille des retrouvailles du paddock MotoGP au Circuit de Catalunya, qui accueille la 15e manche de la saison, Carmelo Ezpeleta s&rsquo;est entretenu avec un petit groupe de m\u00e9dias, parmi lesquels <strong>Motorsport.com<\/strong>. L&rsquo;entretien s&rsquo;est d\u00e9roul\u00e9 \u00e0 la Fondation Mir\u00f3, qui accueillait la pr\u00e9sentation officielle de l&rsquo;\u00e9preuve, en pr\u00e9sence du ministre des Entreprises et du Travail de la Catalogne, Miquel S\u00e0mper, qui a sign\u00e9 en d\u00e9but d&rsquo;ann\u00e9e <a href=\"https:\/\/fr.motorsport.com\/motogp\/news\/circuit-barcelone-catalogne-prolongation-2031\/10695631\/\" target=\"_self\" rel=\"noopener nofollow\">la prolongation de contrat du circuit avec le MotoGP<\/a>.<\/p>\n<p>C&rsquo;est ici, \u00e0 domicile pour lui, que <a href=\"https:\/\/fr.motorsport.com\/driver\/marc-marquez\/92646\/\" target=\"_blank\" rel=\"noopener nofollow\">Marc M\u00e1rquez<\/a> pourrait obtenir dimanche une premi\u00e8re balle de match pour esp\u00e9rer remporter le championnat lors du Grand Prix suivant, \u00e0 Misano. Un succ\u00e8s qui para\u00eet d\u00e9sormais in\u00e9luctable, tant l&rsquo;Espagnol a domin\u00e9 les trois derniers mois, et que Carmelo Ezpeleta admire incontestablement.<\/p>\n<p>\u00ab\u00a0Vu la fa\u00e7on dont les choses se sont d\u00e9roul\u00e9es, cela ne nous surprend pas. Mais nous ne pouvons pas dire que c&rsquo;est acquis tant que ce n&rsquo;est pas fait, tout peut arriver. En tout cas, il ne peut pas \u00eatre champion \u00e0 Barcelone, alors nous n&rsquo;allons pas y penser pour l&rsquo;instant\u00a0\u00bb, a d\u00e9clar\u00e9 le PDG de Dorna Sports, interrog\u00e9 sur ce sacre approchant pour le #93.<\/p>\n<p>Lire aussi :<\/p>\n<p>\u00ab\u00a0Il y a quelques ann\u00e9es, quand il y avait chaque ann\u00e9e de nombreux vainqueurs de Grand Prix, les gens disaient que le MotoGP manquait de h\u00e9ros. Maintenant que nous en avons un, qui remporte toutes les courses, ces m\u00eames personnes disent que nous aurons un champion trop t\u00f4t. Je ne pense pas. Marc r\u00e9alise une saison extraordinaire, et quand il devra \u00eatre champion, il le sera.\u00a0\u00bb<\/p>\n<p>Face \u00e0 ceux qui disent trouver ennuyante une telle domination, Carmelo Ezpeleta pr\u00e9vient : le MotoGP ne fera rien pour stopper le champion espagnol. \u00ab\u00a0Absolument pas\u00a0\u00bb,\u00a0a-t-il affirm\u00e9. \u00ab\u00a0C&rsquo;est le championnat du monde et les meilleurs pilotes sont ceux qui gagnent. La seule fa\u00e7on de stopper les victoires de M\u00e1rquez, c&rsquo;est qu&rsquo;un autre pilote arrive avec la certitude de pouvoir le battre et d&rsquo;avoir les outils pour cela. Nous n&#8217;emp\u00eacherons absolument jamais un pilote de gagner.\u00a0\u00bb<\/p>\n<p>   <img decoding=\"async\" draggable=\"false\" src=\"https:\/\/www.europesays.com\/fr\/wp-content\/uploads\/2025\/09\/1756910176_601_marc-marquez-ducati-team.jpg\" alt=\"Carmelo Ezpeleta, PDG de Dorna Sports, suit attentivement les succ\u00e8s de Marc Marquez.\" width=\"1200\" height=\"800\" loading=\"lazy\"\/> <\/p>\n<p class=\"title\">Carmelo Ezpeleta, PDG de Dorna Sports, suit attentivement les succ\u00e8s de Marc M\u00e1rquez.<\/p>\n<p class=\"photographer\">Photo de: Gold and Goose Photography \/ LAT Images \/ via Getty Images<\/p>\n<p>En d\u00e9pit de l&rsquo;admiration qu&rsquo;il exprime pour celui qui porte aujourd&rsquo;hui le MotoGP, Carmelo Ezpeleta est persuad\u00e9 que le changement de r\u00e8glement qui interviendra dans un an et demi sera de nature \u00e0 changer la donne. Et c&rsquo;est bien l\u00e0 la seule alternative pour freiner M\u00e1rquez si aucun adversaire \u00e0 la hauteur n&rsquo;\u00e9merge d&rsquo;ici-l\u00e0.<\/p>\n<p>\u00ab\u00a0Par le pass\u00e9, nous avons introduit des concessions, et des constructeurs tels qu&rsquo;Aprilia ont fait un \u00e9norme bond en avant. Personnellement, je pense que le nouveau r\u00e8glement technique pour 2027 va changer la donne, mais nous verrons bien\u00a0\u00bb, a ajout\u00e9 Ezpeleta. \u00ab\u00a0Nous devons faire en sorte que tout le monde soit sur un pied d&rsquo;\u00e9galit\u00e9, mais on ne peut pas changer le spectacle. Nous n&rsquo;y pensons pas et nous n&rsquo;allons pas le faire.\u00a0\u00bb<\/p>\n<p>Un champion qui devrait \u00eatre mieux reconnu dans le monde<\/p>\n<p>Si le grand patron du MotoGP ne cache pas un certain agacement face aux critiques que re\u00e7oit le championnat, tant en p\u00e9riode de domination d&rsquo;un pilote que de grande mixit\u00e9 des vainqueurs, il laisse aussi entendre que les performances de Marc M\u00e1rquez devraient \u00eatre mieux per\u00e7ues. Aux yeux de Carmelo Ezpeleta en effet, l&rsquo;Espagnol ne b\u00e9n\u00e9ficie pas de \u00ab\u00a0l&rsquo;importance mondiale\u00a0qu&rsquo;il m\u00e9rite\u00a0\u00bb.<\/p>\n<p>\u00ab\u00a0Personnellement, j&rsquo;\u00e9tais s\u00fbr qu&rsquo;il reviendrait \u00e0 ce niveau\u00a0\u00bb, a-t-il observ\u00e9, soulignant l&rsquo;exploit r\u00e9alis\u00e9 par M\u00e1rquez pour revenir au sommet apr\u00e8s son accident de 2020. \u00ab\u00a0J&rsquo;ai suivi toute sa blessure et sa convalescence, et en le voyant lui et les m\u00e9decins, je savais qu&rsquo;il y arriverait.\u00a0\u00bb<\/p>\n<p>\u00ab\u00a0Il a \u00e9galement tr\u00e8s bien g\u00e9r\u00e9 sa carri\u00e8re, quittant un contrat qui lui rapportait beaucoup d&rsquo;argent pour aller dans un endroit qui \u00e9tait important pour lui. Quand quelqu&rsquo;un est aussi clair sur quelque chose, cela signifie qu&rsquo;il sait qu&rsquo;il peut le faire. M\u00e1rquez n&rsquo;a pas re\u00e7u l&rsquo;importance mondiale qu&rsquo;il m\u00e9rite.\u00a0\u00bb<\/p>\n<p>Le #93 est pourtant en passe d&rsquo;\u00e9galer le nombre de titres de <a href=\"https:\/\/fr.motorsport.com\/driver\/valentino-rossi\/76374\/\" target=\"_blank\" rel=\"noopener nofollow\">Valentino Rossi<\/a>, sept dans la cat\u00e9gorie reine et neuf toutes cat\u00e9gories confondues. \u00ab\u00a0Je n&rsquo;aime pas faire de comparaisons\u00a0\u00bb, a r\u00e9agi le promoteur. \u00ab\u00a0Valentino a remport\u00e9 de nombreux titres et accompli beaucoup de choses, au d\u00e9but puis tout au long de sa carri\u00e8re. Ce sont deux grands champions, et faire des comparaisons ne fait qu&rsquo;accro\u00eetre la &lsquo;confusion&rsquo; qui entoure ces personnalit\u00e9s. Marc est Marc, et il est tr\u00e8s bon, et Vale l&rsquo;est aussi, il n&rsquo;y a aucun d\u00e9bat l\u00e0-dessus.\u00a0\u00bb<\/p>\n<p>Lire aussi :<\/p>\n<p>Dans cet article<\/p>\n<p>Soyez le premier inform\u00e9 et souscrivez aux alertes mails pour recevoir les infos en temps r\u00e9el<\/p>\n<p>    S&rsquo;abonner aux alertes de news<\/p>\n","protected":false},"excerpt":{"rendered":"\u00c0 la veille des retrouvailles du paddock MotoGP au Circuit de Catalunya, qui accueille la 15e manche de&hellip;\n","protected":false},"author":2,"featured_media":363447,"comment_status":"","ping_status":"","sticky":false,"template":"","format":"standard","meta":{"footnotes":""},"categories":[1413],"tags":[4950,49826,1011,27,5038,1457,1456,1458,60],"class_list":{"0":"post-363446","1":"post","2":"type-post","3":"status-publish","4":"format-standard","5":"has-post-thumbnail","7":"category-moto","8":"tag-ducati-team","9":"tag-ezpeleta-pru00e9vient-le-motogp-ne-fera-rien-pour-stopper-mu00e1rquez","10":"tag-fr","11":"tag-france","12":"tag-marc-mu00e1rquez","13":"tag-moto","14":"tag-motocycle","15":"tag-motogp","16":"tag-sports"},"share_on_mastodon":{"url":"https:\/\/pubeurope.com\/@fr\/115140872801148054","error":""},"_links":{"self":[{"href":"https:\/\/www.europesays.com\/fr\/wp-json\/wp\/v2\/posts\/363446","targetHints":{"allow":["GET"]}}],"collection":[{"href":"https:\/\/www.europesays.com\/fr\/wp-json\/wp\/v2\/posts"}],"about":[{"href":"https:\/\/www.europesays.com\/fr\/wp-json\/wp\/v2\/types\/post"}],"author":[{"embeddable":true,"href":"https:\/\/www.europesays.com\/fr\/wp-json\/wp\/v2\/users\/2"}],"replies":[{"embeddable":true,"href":"https:\/\/www.europesays.com\/fr\/wp-json\/wp\/v2\/comments?post=363446"}],"version-history":[{"count":0,"href":"https:\/\/www.europesays.com\/fr\/wp-json\/wp\/v2\/posts\/363446\/revisions"}],"wp:featuredmedia":[{"embeddable":true,"href":"https:\/\/www.europesays.com\/fr\/wp-json\/wp\/v2\/media\/363447"}],"wp:attachment":[{"href":"https:\/\/www.europesays.com\/fr\/wp-json\/wp\/v2\/media?parent=363446"}],"wp:term":[{"taxonomy":"category","embeddable":true,"href":"https:\/\/www.europesays.com\/fr\/wp-json\/wp\/v2\/categories?post=363446"},{"taxonomy":"post_tag","embeddable":true,"href":"https:\/\/www.europesays.com\/fr\/wp-json\/wp\/v2\/tags?post=363446"}],"curies":[{"name":"wp","href":"https:\/\/api.w.org\/{rel}","templated":true}]}}