{"id":363448,"date":"2025-09-03T14:37:16","date_gmt":"2025-09-03T14:37:16","guid":{"rendered":"https:\/\/www.europesays.com\/fr\/363448\/"},"modified":"2025-09-03T14:37:16","modified_gmt":"2025-09-03T14:37:16","slug":"a-monza-ferrari-arborera-une-livree-hommage-au-titre-de-niki-lauda-en-1975-lequipe","status":"publish","type":"post","link":"https:\/\/www.europesays.com\/fr\/363448\/","title":{"rendered":"A Monza, Ferrari arborera une livr\u00e9e hommage au titre de Niki Lauda en 1975 &#8211; L&#039;\u00c9quipe"},"content":{"rendered":"<ol>\n<li><a href=\"https:\/\/news.google.com\/rss\/articles\/CBMixAFBVV95cUxQbmU3TUhpa3BxZDB1eWxGQndpZWpfbDNJRjdPLVA0N2M5WVlpYkRKTDdEUVJIT0RZYWNwRVJDWGJveVR2Z3ViaVhjMGxITE1ZSVVOS2VKNlF1MmtxWnFBMGxKbDJqUEx5dHFpZWlncmRia2d1ODltMWl5QTRQQzY4djRkNWpQdzdFYm9LRjNoTXdWdEV5RTU3cGQtWTQtU3BqWmgzcEZsX0hKTXZzdEdjRVctRHk3eTNkN2Q5cnpyUGZOYTl1?oc=5\" target=\"_blank\" rel=\"nofollow noopener\">A Monza, Ferrari arborera une livr\u00e9e hommage au titre de Niki Lauda en 1975<\/a>&nbsp;&nbsp;L&rsquo;\u00c9quipe<\/li>\n<li><a href=\"https:\/\/news.google.com\/rss\/articles\/CBMikgFBVV95cUxQd1NJb19CLXNHQWl2UXFHeTM3dUZVV0ducXFEVWVueWo4RkFoa1E1aHRzS3ZFeWtJcndDa3EySVpNbmhiV012VXE2TmJjMlJDTHRXUklrejBSTjh5Rk1CMS0tYUhMN29ITnJLRzhJY1BWMkJOOGFab3MwZmVvQzB2WGJfMGg1YkU2X0lOcG5hRmY2UQ?oc=5\" target=\"_blank\" rel=\"nofollow noopener\">La livr\u00e9e hommage de Ferrari \u00e0 Niki Lauda &#8211; Formule 1<\/a>&nbsp;&nbsp;Motorsport.com<\/li>\n<li><a href=\"https:\/\/news.google.com\/rss\/articles\/CBMinAFBVV95cUxPM1NuUHo0YlBLNmxmT2dKR2otVVM0aGYycVVnZzhoSl9pNjlBRTlfNzU5OVZacUxHS2VxTEdFVzh3NW5aN2FyOEwta3YwRGltd2lFbXpuNTZTTXhzbWR3c2tQNFFtRWJhZ1h2RjkwNkhsZS1KMWtPOWoxci1zZmtCdTFxRnBwZ3NvUWFXcEdFa2RJbW5PcFp0anlCVXU?oc=5\" target=\"_blank\" rel=\"nofollow noopener\">Leclerc croit \u00e0 une surprise de Ferrari \u00e0 Monza malgr\u00e9 le fiasco de Zandvoort<\/a>&nbsp;&nbsp;F1only<\/li>\n<li><a href=\"https:\/\/news.google.com\/rss\/articles\/CBMiqwFBVV95cUxQenkyaDd6R1NfT0Y3aWZkeTB3VXkzZXhGUnRkR3NNT1M3VlpuYk1fNnJKb2VxTGJ6R2JtVzBIb0NNTllSa0pSbUdyRVR6MG1XSXNjLVVfWjhlN2s0T2IzaExZZmZtNlhvREVWNDg3Skthclo0UldfcEhnbWlCUWdNOTg1VTBLcWJVQzY2ZjFtSnhLeGl6c0ZNbW9SMUN3ODZWcTVTaFVseE1UVG8?oc=5\" target=\"_blank\" rel=\"nofollow noopener\">Ferrari c\u00e9l\u00e8bre un ancien pilote avec une livr\u00e9e sp\u00e9ciale \u00e0 Monza<\/a>&nbsp;&nbsp;f1i.autojournal.fr<\/li>\n<li><a href=\"https:\/\/news.google.com\/rss\/articles\/CBMitAFBVV95cUxOUldQc0twRFpidjBlYUYyY2kwdVdFNHQwS1NBYXpOMmpzYzFhLXFOMVpQQkNOYi1oQXNNeDVpQVdkSEhiVmQ1MkoyQ2t3YlJNZU5fQXNabkVJTUxMc1pGSUhMVUpzaFljcHo4UkVZalNZZ3l3X2JuYjhMVElGTk5RSDhPOFE5QVRiTlVhTUNwNWhtalFUc1NXWkNvWVAtRXRYb1hsRWxCdFZRUGFVWTVvTWYzc2Y?oc=5\" target=\"_blank\" rel=\"nofollow noopener\">GP d\u2019Italie de F1 &#8211; Fr\u00e9d\u00e9ric Vasseur : \u201cnous devons \u00eatre irr\u00e9prochables\u201d<\/a>&nbsp;&nbsp;Turbo.fr<\/li>\n<\/ol>\n","protected":false},"excerpt":{"rendered":"A Monza, Ferrari arborera une livr\u00e9e hommage au titre de Niki Lauda en 1975&nbsp;&nbsp;L&rsquo;\u00c9quipe La livr\u00e9e hommage de&hellip;\n","protected":false},"author":2,"featured_media":363449,"comment_status":"","ping_status":"","sticky":false,"template":"","format":"standard","meta":{"footnotes":""},"categories":[1412],"tags":[1451,1452,1453,1454,1455,1011,27,60],"class_list":{"0":"post-363448","1":"post","2":"type-post","3":"status-publish","4":"format-standard","5":"has-post-thumbnail","7":"category-f1","8":"tag-f1","9":"tag-formula-1","10":"tag-formula1","11":"tag-formule-1","12":"tag-formule1","13":"tag-fr","14":"tag-france","15":"tag-sports"},"share_on_mastodon":{"url":"https:\/\/pubeurope.com\/@fr\/115140876440535425","error":""},"_links":{"self":[{"href":"https:\/\/www.europesays.com\/fr\/wp-json\/wp\/v2\/posts\/363448","targetHints":{"allow":["GET"]}}],"collection":[{"href":"https:\/\/www.europesays.com\/fr\/wp-json\/wp\/v2\/posts"}],"about":[{"href":"https:\/\/www.europesays.com\/fr\/wp-json\/wp\/v2\/types\/post"}],"author":[{"embeddable":true,"href":"https:\/\/www.europesays.com\/fr\/wp-json\/wp\/v2\/users\/2"}],"replies":[{"embeddable":true,"href":"https:\/\/www.europesays.com\/fr\/wp-json\/wp\/v2\/comments?post=363448"}],"version-history":[{"count":0,"href":"https:\/\/www.europesays.com\/fr\/wp-json\/wp\/v2\/posts\/363448\/revisions"}],"wp:featuredmedia":[{"embeddable":true,"href":"https:\/\/www.europesays.com\/fr\/wp-json\/wp\/v2\/media\/363449"}],"wp:attachment":[{"href":"https:\/\/www.europesays.com\/fr\/wp-json\/wp\/v2\/media?parent=363448"}],"wp:term":[{"taxonomy":"category","embeddable":true,"href":"https:\/\/www.europesays.com\/fr\/wp-json\/wp\/v2\/categories?post=363448"},{"taxonomy":"post_tag","embeddable":true,"href":"https:\/\/www.europesays.com\/fr\/wp-json\/wp\/v2\/tags?post=363448"}],"curies":[{"name":"wp","href":"https:\/\/api.w.org\/{rel}","templated":true}]}}