{"id":363450,"date":"2025-09-03T14:38:10","date_gmt":"2025-09-03T14:38:10","guid":{"rendered":"https:\/\/www.europesays.com\/fr\/363450\/"},"modified":"2025-09-03T14:38:10","modified_gmt":"2025-09-03T14:38:10","slug":"inacceptables-les-coureurs-deplorent-le-danger-des-manifestations-propalestiniennes-sur-la-vuelta","status":"publish","type":"post","link":"https:\/\/www.europesays.com\/fr\/363450\/","title":{"rendered":"\u00ab Inacceptables \u00bb : les coureurs d\u00e9plorent le danger des manifestations propalestiniennes sur la Vuelta"},"content":{"rendered":"<p class=\"paragraph text_align_left lp-f-body-02\">Ils n\u2019ont pas tard\u00e9 \u00e0 r\u00e9agir. Fermement. Au lendemain des d\u00e9bordements qui ont \u00e9maill\u00e9 la 10e \u00e9tape du Tour d\u2019Espagne, avec<a href=\"https:\/\/www.leparisien.fr\/sports\/cyclisme\/vuelta-la-video-des-manifestants-propalestiniens-traversant-la-route-pendant-le-passage-des-coureurs-02-09-2025-NZGDARRAWZABPP6SXFGCE4UNGM.php?ts=1756895602314\" target=\"_blank\" rel=\"noreferrer nofollow noopener\"> des manifestants propalestiniens traversant la route<\/a> au passage de la course, plusieurs coureurs ainsi que l\u2019association internationale des cyclistes professionnels (CPA) ont r\u00e9agi.<\/p>\n<p class=\"paragraph text_align_left lp-f-body-02\">\u00ab Je comprends que la situation n\u2019est pas bonne mais hier (mardi) j\u2019ai chut\u00e9 \u00e0 cause d\u2019une manifestation sur la route, a insist\u00e9 le coureur italien Simone Petilli sur les r\u00e9seaux sociaux. S\u2019il vous pla\u00eet, nous sommes juste des coureurs <a href=\"https:\/\/www.leparisien.fr\/sports\/cyclisme\/\" target=\"_blank\" rel=\"noreferrer nofollow noopener\">cyclistes <\/a>qui faisons notre travail et si \u00e7a continue comme \u00e7a notre s\u00e9curit\u00e9 n\u2019est plus garantie. Nous nous sentons en danger. Nous voulons juste courir ! \u00bb<\/p>\n<p class=\"paragraph text_align_left lp-f-body-02\">Louis Vervaeke, membre de l\u2019\u00e9quipe Soudal Quick-Step, a \u00e9galement r\u00e9agi : \u00ab Nous reconnaissons pleinement le droit de chacun de manifester. Mais nous demandons que cela soit fait en toute s\u00e9curit\u00e9. Nous sommes concentr\u00e9s ici sur notre sport, pas sur la politique. Je vous appelle avec respect \u00e0 ne pas nous mettre en danger nous, ni vous-m\u00eames \u00bb.<\/p>\n<p class=\"paragraph text_align_left lp-f-body-02\">La CPA, par la voix de son pr\u00e9sident, Adam Hansen a \u00e9galement exprim\u00e9 son inqui\u00e9tude : \u00ab Alors que nous respectons le droit de manifester pacifiquement, des actions mettant en danger les athl\u00e8tes sont inacceptables. La CPA tient \u00e0 exprimer sa ferme condamnation de ces actes \u00bb.<\/p>\n<blockquote class=\"twitter-tweet\">\n<p lang=\"es\" dir=\"ltr\">Here is a statement from the CPA regarding the incidents caused by protests from some demonstrators during yesterday&rsquo;s stage of the Vuelta. <\/p>\n<p>Aqu\u00ed hay un comunicado de la CPA sobre los incidentes causados por las protestas de algunos manifestantes durante la etapa de ayer de la\u2026 <a href=\"https:\/\/t.co\/VuaCjivvR0\" rel=\"nofollow\">pic.twitter.com\/VuaCjivvR0<\/a><\/p>\n<p>\u2014 CPA Cycling (@cpacycling) <a href=\"https:\/\/twitter.com\/cpacycling\/status\/1963187743153905706?ref_src=twsrc%5Etfw\" rel=\"nofollow noopener\" target=\"_blank\">September 3, 2025<\/a><\/p><\/blockquote>\n<p>Incident similaire sur le Tour de France<\/p>\n<p class=\"paragraph text_align_left lp-f-body-02\">Ce n\u2019est pas la premi\u00e8re fois que cette 80e \u00e9dition de la Vuelta est perturb\u00e9e par des manifestations propalestiniennes. Lors du contre-la-montre par \u00e9quipes de la 5e \u00e9tape, des militants portant banderoles et drapeaux palestiniens<a href=\"https:\/\/www.leparisien.fr\/sports\/cyclisme\/vuelta-2025-les-images-des-militants-propalestiniens-qui-genent-lequipe-israel-premier-tech-27-08-2025-G6IV7TMUYBHCTPSILOFY474CLQ.php\" target=\"_blank\" rel=\"noreferrer nofollow noopener\"> avaient tent\u00e9 de bloquer les coureurs de la formation isra\u00e9lienne Israel-Premier Tech<\/a> \u00e0 Figueras, en Catalogne.<\/p>\n<p class=\"paragraph text_align_left lp-f-body-02\">Le directeur de la Vuelta, Javier Guillen, a indiqu\u00e9 que les organisateurs d\u00e9poseraient une plainte aupr\u00e8s de la police, qualifiant cette manifestation d\u2019\u00ab acte de violence \u00bb. La ministre de la Jeunesse espagnole, Sira Rego, a dans la foul\u00e9e jug\u00e9 \u00ab absolument inacceptable \u00bb de qualifier de \u00ab violente \u00bb une \u00ab protestation pacifique \u00bb contre une \u00e9quipe soutenue par un \u00c9tat accus\u00e9 de \u00ab violence syst\u00e9matique \u00bb dans la <a href=\"https:\/\/www.leparisien.fr\/international\/israel\/\" target=\"_blank\" rel=\"noreferrer nofollow noopener\">bande de Gaza<\/a>.<\/p>\n<p class=\"paragraph text_align_left lp-f-body-02\">Des incidents similaires avaient eu lieu en juillet dernier lors du Tour de France, o\u00f9 <a href=\"https:\/\/www.leparisien.fr\/sports\/cyclisme\/tour-de-france\/tour-de-france-lactiviste-pro-palestinien-ayant-perturbe-larrivee-de-la-11e-etape-est-aussi-un-opposant-a-la69-17-07-2025-4PVH3ZBA7BF3RDQ76XZI3RDMIY.php\" target=\"_blank\" rel=\"noreferrer nofollow noopener\">un militant propalestinien avait perturb\u00e9 l\u2019arriv\u00e9e de l\u2019\u00e9tape \u00e0 Toulouse<\/a>, et au Tour d\u2019Italie en mai. Lors de l\u2019arriv\u00e9e de la 15e \u00e9tape du Giro \u00e0 Naples, deux militants propalestiniens avaient tir\u00e9 une corde en travers de la route pour protester contre la guerre \u00e0 Gaza, alors que les coureurs s\u2019approchaient de la ligne d\u2019arriv\u00e9e. <\/p>\n<p class=\"paragraph text_align_left lp-f-body-02\">Ce mercredi, lors du d\u00e9part fictif, des manifestants ont une fois de plus oblig\u00e9 les coureurs \u00e0 mettre pied \u00e0 terre.<\/p>\n<p><script async src=\"https:\/\/platform.twitter.com\/widgets.js\" charset=\"utf-8\"><\/script><\/p>\n","protected":false},"excerpt":{"rendered":"Ils n\u2019ont pas tard\u00e9 \u00e0 r\u00e9agir. Fermement. Au lendemain des d\u00e9bordements qui ont \u00e9maill\u00e9 la 10e \u00e9tape du&hellip;\n","protected":false},"author":2,"featured_media":363451,"comment_status":"","ping_status":"","sticky":false,"template":"","format":"standard","meta":{"footnotes":""},"categories":[1411],"tags":[1154,207,1011,27,14,60],"class_list":{"0":"post-363450","1":"post","2":"type-post","3":"status-publish","4":"format-standard","5":"has-post-thumbnail","7":"category-cyclisme","8":"tag-cycling","9":"tag-cyclisme","10":"tag-fr","11":"tag-france","12":"tag-international","13":"tag-sports"},"share_on_mastodon":{"url":"https:\/\/pubeurope.com\/@fr\/115140880242196964","error":""},"_links":{"self":[{"href":"https:\/\/www.europesays.com\/fr\/wp-json\/wp\/v2\/posts\/363450","targetHints":{"allow":["GET"]}}],"collection":[{"href":"https:\/\/www.europesays.com\/fr\/wp-json\/wp\/v2\/posts"}],"about":[{"href":"https:\/\/www.europesays.com\/fr\/wp-json\/wp\/v2\/types\/post"}],"author":[{"embeddable":true,"href":"https:\/\/www.europesays.com\/fr\/wp-json\/wp\/v2\/users\/2"}],"replies":[{"embeddable":true,"href":"https:\/\/www.europesays.com\/fr\/wp-json\/wp\/v2\/comments?post=363450"}],"version-history":[{"count":0,"href":"https:\/\/www.europesays.com\/fr\/wp-json\/wp\/v2\/posts\/363450\/revisions"}],"wp:featuredmedia":[{"embeddable":true,"href":"https:\/\/www.europesays.com\/fr\/wp-json\/wp\/v2\/media\/363451"}],"wp:attachment":[{"href":"https:\/\/www.europesays.com\/fr\/wp-json\/wp\/v2\/media?parent=363450"}],"wp:term":[{"taxonomy":"category","embeddable":true,"href":"https:\/\/www.europesays.com\/fr\/wp-json\/wp\/v2\/categories?post=363450"},{"taxonomy":"post_tag","embeddable":true,"href":"https:\/\/www.europesays.com\/fr\/wp-json\/wp\/v2\/tags?post=363450"}],"curies":[{"name":"wp","href":"https:\/\/api.w.org\/{rel}","templated":true}]}}