{"id":363452,"date":"2025-09-03T14:39:12","date_gmt":"2025-09-03T14:39:12","guid":{"rendered":"https:\/\/www.europesays.com\/fr\/363452\/"},"modified":"2025-09-03T14:39:12","modified_gmt":"2025-09-03T14:39:12","slug":"surprise-au-psg-le-remplacant-de-dembele-est-annonce","status":"publish","type":"post","link":"https:\/\/www.europesays.com\/fr\/363452\/","title":{"rendered":"Surprise au PSG, le rempla\u00e7ant de Demb\u00e9l\u00e9 est annonc\u00e9 !"},"content":{"rendered":"<p>                    Arthur Montagne<br \/>\n                        &#8211;<\/p>\n<p>Journaliste<\/p>\n<p>Affam\u00e9 de sport, il a grandi au son des moteurs de Formule 1 et des exploits de Ronaldinho. Aujourd\u2019hui, diplom\u00e9 d&rsquo;un Master de journalisme de sport, il ne rate plus un Grand Prix de F1 ni un match du PSG, ses deux passions et sp\u00e9cialit\u00e9s<\/p>\n<p class=\"heading\">Convoqu\u00e9 en \u00e9quipe de France malgr\u00e9 son alerte musculaire contre Toulouse samedi soir, Ousmane Demb\u00e9l\u00e9 devrait toutefois \u00eatre pr\u00e9serv\u00e9 par Didier Deschamps pour le match contre l&rsquo;Ukraine vendredi soir pour lancer les qualifications \u00e0 la prochaine Coupe du monde. Pour le remplacer, c&rsquo;est un autre joueur du PSG qui est pressenti \u00e0 savoir D\u00e9sir\u00e9 Dou\u00e9.<\/p>\n<p>Samedi lors de la large victoire du <strong>PSG <\/strong>\u00e0 Toulouse (6-3), <a href=\"https:\/\/le10sport.com\/football\/ligue1\/psg\/changement-dequipe-pour-dembele-la-decision-a-ete-prise-756502\" rel=\"nofollow noopener\" target=\"_blank\">Ousmane Demb\u00e9l\u00e9<\/a> a ressenti une petite g\u00e8ne musculaire qui a pouss\u00e9 <strong>Luis Enrique<\/strong> \u00e0 le remplacer par <strong>Gon\u00e7alo Ramos<\/strong> afin de ne prendre aucun risque avec l&rsquo;ancien Rennais. Mais cela n&rsquo;a pas emp\u00each\u00e9 <strong>Didier Deschamps<\/strong> de le convoquer pour le premier rassemblement de la saison.<\/p>\n<p>                                            Dou\u00e9 pour remplacer Demb\u00e9l\u00e9 ?<\/p>\n<p>N\u00e9anmoins, <strong>Ousmane Demb\u00e9l\u00e9<\/strong> est tr\u00e8s incertain pour affronter l&rsquo;Ukraine vendredi soir en Pologne. Selon les informations de L&rsquo;EQUIPE, <strong>Didier Deschamps<\/strong> ne devrait prendre aucun risque avec le num\u00e9ro 10 du <strong>PSG <\/strong>qui sera pr\u00e9serv\u00e9. Pour le remplacer dans le couloir droit de l&rsquo;attaque des Bleus, c&rsquo;est <strong>D\u00e9sir\u00e9 Dou\u00e9<\/strong> qui est pressenti. Le crack parisien pourrait conna\u00eetre sa deuxi\u00e8me titularisation en \u00e9quipe de France.<\/p>\n<p>                                            \u00abCela demande v\u00e9rification m\u00e9dicale\u00bb<\/p>\n<p>D&rsquo;ailleurs, <strong>Didier Deschamps<\/strong> s&rsquo;est prononc\u00e9 sur le cas <strong>Ousmane Demb\u00e9l\u00e9<\/strong>. Apr\u00e8s avoir fait face aux forfaits de <strong>Rayan Cherki<\/strong> et <strong>William Saliba<\/strong>, remplac\u00e9s dans le groupe par <strong>Hugo Ekitike<\/strong> et <strong>Benjamin Pavard<\/strong>, le s\u00e9lectionneur des Bleus esp\u00e8re bien ne pas perdre <strong>Ousmane Demb\u00e9l\u00e9<\/strong>. \u00ab Au moment o\u00f9 je vous parle, j\u2019ai d\u00e9j\u00e0 effectu\u00e9 deux changements, comme vous le savez, avec les blessures de Rayan Cherki et William Saliba. Il y a d\u2019autres joueurs, dont Konat\u00e9 et Demb\u00e9l\u00e9 et peut-\u00eatre quelques autres, qui doivent \u00eatre v\u00e9rifi\u00e9s par le docteur. Ils viennent, mais je n\u2019ai pas les infos. J\u2019esp\u00e8re ne pas \u00eatre amen\u00e9 \u00e0 faire d\u2019autres changements. Ce ne sont pas des soucis o\u00f9 c\u2019est clair et net, \u00e7a demande v\u00e9rification m\u00e9dicale \u00bb, confiait <strong>Didier Deschamps<\/strong> en conf\u00e9rence de presse lundi.<\/p>\n","protected":false},"excerpt":{"rendered":"Arthur Montagne &#8211; Journaliste Affam\u00e9 de sport, il a grandi au son des moteurs de Formule 1 et&hellip;\n","protected":false},"author":2,"featured_media":363453,"comment_status":"","ping_status":"","sticky":false,"template":"","format":"standard","meta":{"footnotes":""},"categories":[1410],"tags":[63,1011,27,60],"class_list":{"0":"post-363452","1":"post","2":"type-post","3":"status-publish","4":"format-standard","5":"has-post-thumbnail","7":"category-football","8":"tag-football","9":"tag-fr","10":"tag-france","11":"tag-sports"},"share_on_mastodon":{"url":"https:\/\/pubeurope.com\/@fr\/115140884259088243","error":""},"_links":{"self":[{"href":"https:\/\/www.europesays.com\/fr\/wp-json\/wp\/v2\/posts\/363452","targetHints":{"allow":["GET"]}}],"collection":[{"href":"https:\/\/www.europesays.com\/fr\/wp-json\/wp\/v2\/posts"}],"about":[{"href":"https:\/\/www.europesays.com\/fr\/wp-json\/wp\/v2\/types\/post"}],"author":[{"embeddable":true,"href":"https:\/\/www.europesays.com\/fr\/wp-json\/wp\/v2\/users\/2"}],"replies":[{"embeddable":true,"href":"https:\/\/www.europesays.com\/fr\/wp-json\/wp\/v2\/comments?post=363452"}],"version-history":[{"count":0,"href":"https:\/\/www.europesays.com\/fr\/wp-json\/wp\/v2\/posts\/363452\/revisions"}],"wp:featuredmedia":[{"embeddable":true,"href":"https:\/\/www.europesays.com\/fr\/wp-json\/wp\/v2\/media\/363453"}],"wp:attachment":[{"href":"https:\/\/www.europesays.com\/fr\/wp-json\/wp\/v2\/media?parent=363452"}],"wp:term":[{"taxonomy":"category","embeddable":true,"href":"https:\/\/www.europesays.com\/fr\/wp-json\/wp\/v2\/categories?post=363452"},{"taxonomy":"post_tag","embeddable":true,"href":"https:\/\/www.europesays.com\/fr\/wp-json\/wp\/v2\/tags?post=363452"}],"curies":[{"name":"wp","href":"https:\/\/api.w.org\/{rel}","templated":true}]}}