{"id":363454,"date":"2025-09-03T14:40:10","date_gmt":"2025-09-03T14:40:10","guid":{"rendered":"https:\/\/www.europesays.com\/fr\/363454\/"},"modified":"2025-09-03T14:40:10","modified_gmt":"2025-09-03T14:40:10","slug":"on-a-gagne-2-jours-pourquoi-nicolas-canteloup-ne-fera-finalement-sa-rentree-sur-rmc-que-le-29-septembre","status":"publish","type":"post","link":"https:\/\/www.europesays.com\/fr\/363454\/","title":{"rendered":"\u00ab\u00a0On a gagn\u00e9 2 jours\u00a0\u00bb : Pourquoi Nicolas Canteloup ne fera finalement sa rentr\u00e9e sur RMC que le 29 septembre"},"content":{"rendered":"<p>La suite apr\u00e8s la publicit\u00e9<\/p>\n<p>On pensait le mercato termin\u00e9 mais RMC avait un dernier atout dans sa manche. Le 29 ao\u00fbt dernier, la radio du groupe RMC BFM a annonc\u00e9 <a href=\"https:\/\/www.ozap.com\/actu\/quatre-ans-apres-son-depart-deurope-1-nicolas-canteloup-signe-son-retour-a-la-radio-sur-rmc\/651376\" rel=\"nofollow noopener\" target=\"_blank\">avoir recrut\u00e9 Nicolas Canteloup<\/a>, qui fait donc son grand retour \u00e0 la radio apr\u00e8s <a href=\"https:\/\/www.ozap.com\/actu\/europe-1-na-plus-voulu-de-nous-le-producteur-de-nicolas-canteloup-denonce-le-depart-de-la-station-de-lhumoriste-concomitant-avec-larrivee-de-vincent-bollore\/649689\" rel=\"nofollow noopener\" target=\"_blank\">la fin de sa \u00ab\u00a0Revue de presque\u00a0\u00bb<\/a> sur Europe 1 en 2021. Il proposera chaque jour \u00e0 8h50, apr\u00e8s l&rsquo;interview d&rsquo;<a href=\"https:\/\/www.ozap.com\/personnalite\/apolline-de-malherbe_e551467\" rel=\"nofollow noopener\" target=\"_blank\">Apolline de Malherbe<\/a> dans la matinale, un rendez-vous adapt\u00e9 \u00e0 l&rsquo;invit\u00e9. \u00ab\u00a0Son regard aiguis\u00e9 et son humour percutant promettent un r\u00e9veil \u00e0 la fois informatif et divertissant pour les auditeurs\u00a0\u00bb, avait \u00e9crit la radio dans son communiqu\u00e9. Karim Nedjari, le patron de la station, s&rsquo;\u00e9tait r\u00e9joui de son arriv\u00e9e. \u00ab\u00a0Son humour, \u00e0 la fois piquant et pertinent, a toute sa place sur notre antenne, o\u00f9 la libert\u00e9 d&rsquo;expression est reine\u00a0\u00bb, a d\u00e9clar\u00e9 le dirigeant.<\/p>\n<p>\u00ab\u00a0Je ne pensais pas refaire de la radio\u00a0\u00bb<\/p>\n<p>De son c\u00f4t\u00e9, <a href=\"https:\/\/www.ozap.com\/personnalite\/nicolas-canteloup_e1596\" rel=\"nofollow noopener\" target=\"_blank\">Nicolas Canteloup<\/a> \u00ab\u00a0ne pensait pas refaire de la radio\u00a0\u00bb, comme il l&rsquo;a confi\u00e9 lors de la conf\u00e9rence de presse de rentr\u00e9e de RMC mardi 2 septembre, \u00e0 laquelle<strong> Purem\u00e9dias <\/strong>a assist\u00e9. \u00ab\u00a0J&rsquo;\u00e9tais un petit peu comme assis au bal \u00e0 attendre qu&rsquo;une jeune femme m&rsquo;invite \u00e0 danser. Et puis R\u00e9gis Ravanas (le directeur g\u00e9n\u00e9ral de RMC BFM, ndlr) a mis sa plus belle robe et m&rsquo;a convaincu\u00a0\u00bb, a poursuivi l&rsquo;imitateur, sous les rires de l&rsquo;assembl\u00e9e. Avant de livrer un avant-go\u00fbt de ses futures prestations, en reprenant les temps forts de cette conf\u00e9rence de presse \u00e0 sa mani\u00e8re, imitant tour \u00e0 tour Pascale de La Tour du Pin, Apolline de Malherbe, Vincent Moscato ou encore Alain Marschall, et m\u00eame les dirigeants de la station.<\/p>\n<p>\u00ab\u00a0Nicolas, tu nous as prouv\u00e9 en 10 minutes que c&rsquo;\u00e9tait exactement ce qu&rsquo;on voulait de toi. Cette impertinence, ce regard aiguis\u00e9, cette libert\u00e9 que tout le monde a ici\u00a0\u00bb, a soulign\u00e9 Karim Nedjari juste apr\u00e8s la performance de sa nouvelle recrue. Les auditeurs en revanche vont devoir patienter avant de l&rsquo;entendre \u00e0 la radio. Si son arriv\u00e9e sur les ondes avait d&rsquo;abord \u00e9t\u00e9 annonc\u00e9e pour le mois d&rsquo;octobre, elle a finalement \u00e9t\u00e9 avanc\u00e9e au lundi 29 septembre. \u00ab\u00a0On a gagn\u00e9 deux jours\u00a0\u00bb, a souri le directeur g\u00e9n\u00e9ral de la station. Pourquoi une arriv\u00e9e si tardive sur la grille ?\u00a0<\/p>\n<p>\u00ab\u00a0Cette bonne surprise est arriv\u00e9e tr\u00e8s tardivement cet \u00e9t\u00e9, donc le temps de constituer les \u00e9quipes&#8230; Et puis j&rsquo;ai \u00e9galement une rentr\u00e9e \u00e0 la t\u00e9l\u00e9vision \u00e0 pr\u00e9parer. Donc je pr\u00e9f\u00e8re \u00eatre sage et prendre le temps\u00a0\u00bb, a expliqu\u00e9 Nicolas Canteloup, qui reprend en effet du service sur TF1 dans \u00ab\u00a0C Canteloup\u00a0\u00bb pour une 14e saison aux c\u00f4t\u00e9s d&rsquo;H\u00e9l\u00e8ne Mannarino. \u00ab\u00a0La direction (de TF1, ndlr) vient de me renouveler sa confiance pour deux ans\u00a0\u00bb, avait confi\u00e9 derni\u00e8rement l&rsquo;imitateur dans les colonnes du \u00ab\u00a0Parisien\u00a0\u00bb.<\/p>\n","protected":false},"excerpt":{"rendered":"La suite apr\u00e8s la publicit\u00e9 On pensait le mercato termin\u00e9 mais RMC avait un dernier atout dans sa&hellip;\n","protected":false},"author":2,"featured_media":363455,"comment_status":"","ping_status":"","sticky":false,"template":"","format":"standard","meta":{"footnotes":""},"categories":[1359],"tags":[58,59,1011,27,973],"class_list":{"0":"post-363454","1":"post","2":"type-post","3":"status-publish","4":"format-standard","5":"has-post-thumbnail","7":"category-people","8":"tag-divertissement","9":"tag-entertainment","10":"tag-fr","11":"tag-france","12":"tag-people"},"share_on_mastodon":{"url":"https:\/\/pubeurope.com\/@fr\/115140888121408025","error":""},"_links":{"self":[{"href":"https:\/\/www.europesays.com\/fr\/wp-json\/wp\/v2\/posts\/363454","targetHints":{"allow":["GET"]}}],"collection":[{"href":"https:\/\/www.europesays.com\/fr\/wp-json\/wp\/v2\/posts"}],"about":[{"href":"https:\/\/www.europesays.com\/fr\/wp-json\/wp\/v2\/types\/post"}],"author":[{"embeddable":true,"href":"https:\/\/www.europesays.com\/fr\/wp-json\/wp\/v2\/users\/2"}],"replies":[{"embeddable":true,"href":"https:\/\/www.europesays.com\/fr\/wp-json\/wp\/v2\/comments?post=363454"}],"version-history":[{"count":0,"href":"https:\/\/www.europesays.com\/fr\/wp-json\/wp\/v2\/posts\/363454\/revisions"}],"wp:featuredmedia":[{"embeddable":true,"href":"https:\/\/www.europesays.com\/fr\/wp-json\/wp\/v2\/media\/363455"}],"wp:attachment":[{"href":"https:\/\/www.europesays.com\/fr\/wp-json\/wp\/v2\/media?parent=363454"}],"wp:term":[{"taxonomy":"category","embeddable":true,"href":"https:\/\/www.europesays.com\/fr\/wp-json\/wp\/v2\/categories?post=363454"},{"taxonomy":"post_tag","embeddable":true,"href":"https:\/\/www.europesays.com\/fr\/wp-json\/wp\/v2\/tags?post=363454"}],"curies":[{"name":"wp","href":"https:\/\/api.w.org\/{rel}","templated":true}]}}