{"id":363456,"date":"2025-09-03T14:41:18","date_gmt":"2025-09-03T14:41:18","guid":{"rendered":"https:\/\/www.europesays.com\/fr\/363456\/"},"modified":"2025-09-03T14:41:18","modified_gmt":"2025-09-03T14:41:18","slug":"son-interieur-est-incroyable-julien-dore-transforme-une-ancienne-ecole-en-maison-elegante-et-inspirante-dans-les-cevennes","status":"publish","type":"post","link":"https:\/\/www.europesays.com\/fr\/363456\/","title":{"rendered":"\u00ab Son int\u00e9rieur est incroyable \u00bb : Julien Dor\u00e9 transforme une ancienne \u00e9cole en maison \u00e9l\u00e9gante et inspirante dans les C\u00e9vennes"},"content":{"rendered":"<tr>\n<td><strong>EN BREF<\/strong><\/td>\n<\/tr>\n<tr>\n<td>\n<ul>\n<li>\ud83c\udf3f <strong>Julien Dor\u00e9<\/strong> quitte Paris pour retrouver ses racines et la s\u00e9r\u00e9nit\u00e9 des C\u00e9vennes.<\/li>\n<li>\ud83c\udfe0 Il transforme une ancienne \u00e9cole en un <strong>havre de paix<\/strong> inspirant, loin des pressions urbaines.<\/li>\n<li>\ud83c\udfa8 Son int\u00e9rieur, \u00e0 la fois minimaliste et \u00e9l\u00e9gant, favorise la <strong>cr\u00e9ativit\u00e9<\/strong> et le bien-\u00eatre.<\/li>\n<li>\ud83c\udf04 Vivre au c\u0153ur de la nature lui permet de red\u00e9couvrir une <strong>libert\u00e9<\/strong> et une simplicit\u00e9 essentielles \u00e0 son bonheur.<\/li>\n<\/ul>\n<\/td>\n<\/tr>\n<p>Julien Dor\u00e9, artiste renomm\u00e9 de la sc\u00e8ne musicale fran\u00e7aise, a choisi de quitter l\u2019agitation de Paris pour s\u2019installer dans les C\u00e9vennes. Ce choix s\u2019inscrit dans une qu\u00eate de s\u00e9r\u00e9nit\u00e9 et d\u2019inspiration. En renouant avec ses racines, Dor\u00e9 a transform\u00e9 une ancienne \u00e9cole en un espace de paix et de cr\u00e9ativit\u00e9. Ce d\u00e9m\u00e9nagement, plus qu\u2019un simple changement de d\u00e9cor, repr\u00e9sente une volont\u00e9 de se recentrer sur l\u2019essentiel. Dor\u00e9 aspire \u00e0 vivre en harmonie avec la nature, loin des pressions urbaines. Son projet ambitieux a n\u00e9cessit\u00e9 un investissement cons\u00e9quent, mais il lui a permis de trouver un \u00e9quilibre pr\u00e9cieux dans son quotidien.<\/p>\n<p>Retour aux sources dans l\u2019H\u00e9rault<\/p>\n<p>Julien Dor\u00e9 a pris la d\u00e9cision audacieuse de s\u2019\u00e9loigner de la capitale pour revenir dans l\u2019H\u00e9rault, son lieu d\u2019origine. Ce retour aux sources symbolise un d\u00e9sir profond de retrouver la tranquillit\u00e9 et l\u2019\u00e9quilibre. Originaire d\u2019Al\u00e8s, Dor\u00e9 a grandi \u00e0 Lunel, et ce retour dans le Sud marque pour lui une v\u00e9ritable renaissance. En 2019, il a achet\u00e9 et r\u00e9nov\u00e9 une ancienne \u00e9cole maternelle \u00e0 Marsillargues. Ce projet refl\u00e8te sa volont\u00e9 de vivre en harmonie avec son environnement naturel. Retrouver chaque matin les paysages de son enfance lui offre une perspective renouvel\u00e9e sur la vie. Cet ancrage local est essentiel pour son \u00e9panouissement personnel et professionnel.<\/p>\n<blockquote class=\"wp-embedded-content\" data-secret=\"XBXeBc3jlM\">\n<p><a href=\"https:\/\/newsly.fr\/2025\/08\/24\/maison-de-luxe-je-suis-ebloui-par-tant-de-folie-face-aux-5-proprietes-les-plus-cheres-du-monde\/\" target=\"_blank\" rel=\"noopener\">Maison de luxe : \u00ab je suis \u00e9bloui par tant de folie \u00bb face aux 5 propri\u00e9t\u00e9s les plus ch\u00e8res du monde<\/a><\/p>\n<\/blockquote>\n<p>Investissement dans une b\u00e2tisse unique<\/p>\n<p>Julien Dor\u00e9 a investi 400 000 euros pour r\u00e9nover une vieille \u00e9cole maternelle situ\u00e9e \u00e0 Marsillargues. Ce b\u00e2timent, tr\u00e8s convoit\u00e9 sur le march\u00e9 immobilier, est devenu son havre de paix. Dor\u00e9 a su convaincre les vendeurs gr\u00e2ce \u00e0 son projet ambitieux et sa passion pour le lieu. La transformation architecturale a permis de cr\u00e9er un espace apaisant et inspirant. Entour\u00e9 par la beaut\u00e9 des C\u00e9vennes, cet endroit est devenu un refuge pour l\u2019artiste. Il peut d\u00e9sormais se ressourcer loin des tumultes de la ville. Ce projet immobilier incarne une qu\u00eate de bonheur authentique, en phase avec ses valeurs personnelles.<\/p>\n<blockquote class=\"wp-embedded-content\" data-secret=\"E8hVOPOPkO\">\n<p><a href=\"https:\/\/newsly.fr\/2025\/08\/24\/incroyable-vue-decouvrez-le-choc-de-lex-villa-de-sean-connery-a-nice-une-vente-a-20-millions-e\/\" target=\"_blank\" rel=\"noopener\">\u00ab Incroyable vue ! \u00bb : d\u00e9couvrez le choc de l\u2019ex-villa de Sean Connery \u00e0 Nice, une vente \u00e0 20 millions \u20ac<\/a><\/p>\n<\/blockquote>\n<p>Un int\u00e9rieur minimaliste et \u00e9l\u00e9gant<\/p>\n<p>L\u2019int\u00e9rieur de la maison de Julien Dor\u00e9 refl\u00e8te parfaitement sa philosophie de vie. Le minimalisme et l\u2019\u00e9l\u00e9gance dominent chaque pi\u00e8ce. Les murs blancs et la moquette claire instaurent une atmosph\u00e8re de calme et de s\u00e9r\u00e9nit\u00e9. Le mobilier vintage chin\u00e9 ajoute une touche de caract\u00e8re et de chaleur. Un canap\u00e9 violet, plac\u00e9 face \u00e0 un piano, constitue un espace de d\u00e9tente id\u00e9al pour l\u2019artiste. Chaque d\u00e9tail a \u00e9t\u00e9 soigneusement pens\u00e9 pour cr\u00e9er un environnement propice \u00e0 la cr\u00e9ativit\u00e9. Cet am\u00e9nagement permet \u00e0 Dor\u00e9 de se consacrer pleinement \u00e0 son art et \u00e0 ses relations. Loin de l\u2019agitation parisienne, il trouve ici un espace de vie accueillant et fonctionnel.<\/p>\n<blockquote class=\"wp-embedded-content\" data-secret=\"F4ZXext0dW\">\n<p><a href=\"https:\/\/newsly.fr\/2024\/09\/04\/scandale-ces-influenceurs-de-telerealite-francais-achetent-des-followers-pour-tromper-les-internautes-et-engranger-des-millions\/\" target=\"_blank\" rel=\"noopener\">Scandale : ces influenceurs de t\u00e9l\u00e9r\u00e9alit\u00e9 fran\u00e7ais ach\u00e8tent des followers pour tromper les internautes et engranger des millions<\/a><\/p>\n<\/blockquote>\n<p>Retrouver l\u2019essence des C\u00e9vennes<\/p>\n<p>En choisissant de s\u2019installer pr\u00e8s des C\u00e9vennes, Julien Dor\u00e9 a renou\u00e9 avec la nature. Cette r\u00e9gion, avec ses paysages verdoyants et ses montagnes majestueuses, offre un cadre id\u00e9al pour se ressourcer. Pour Dor\u00e9, cette immersion dans la nature est essentielle pour son bien-\u00eatre. Vivre au c\u0153ur de la nature lui permet de retrouver une libert\u00e9 souvent perdue en ville. Partager des moments avec ses proches dans cet environnement pr\u00e9serv\u00e9 renforce son sentiment d\u2019appartenance \u00e0 la r\u00e9gion. Ce retour \u00e0 l\u2019essentiel est une source d\u2019inspiration in\u00e9puisable pour l\u2019artiste, qui cultive des relations plus authentiques et profondes.<\/p>\n<p>Julien Dor\u00e9 ne regrette rien de son choix de quitter Paris pour vivre pr\u00e8s des C\u00e9vennes. La s\u00e9r\u00e9nit\u00e9 qu\u2019il ressent dans sa nouvelle demeure surpasse tout ce qu\u2019il a laiss\u00e9 derri\u00e8re. Cette d\u00e9cision audacieuse lui a permis de se recentrer sur ses priorit\u00e9s et de se lib\u00e9rer des contraintes citadines. Sa maison n\u2019est pas seulement un projet immobilier, mais une manifestation de ses valeurs et de ses aspirations. Elle incarne un mode de vie plus proche de la nature et de l\u2019essentiel. Comment ce changement influencera-t-il la carri\u00e8re de cet artiste dans les ann\u00e9es \u00e0 venir ?<\/p>\n<p>Cet article s\u2019appuie sur des sources v\u00e9rifi\u00e9es et l\u2019assistance de technologies \u00e9ditoriales.<\/p>\n<p id=\"rating\">\u00c7a vous a plu ?\u00a04.4\/5 (21)<\/p>\n","protected":false},"excerpt":{"rendered":"EN BREF \ud83c\udf3f Julien Dor\u00e9 quitte Paris pour retrouver ses racines et la s\u00e9r\u00e9nit\u00e9 des C\u00e9vennes. \ud83c\udfe0 Il&hellip;\n","protected":false},"author":2,"featured_media":363457,"comment_status":"","ping_status":"","sticky":false,"template":"","format":"standard","meta":{"footnotes":""},"categories":[1358],"tags":[1348,1384,1385,1386,58,59,1011,27],"class_list":{"0":"post-363456","1":"post","2":"type-post","3":"status-publish","4":"format-standard","5":"has-post-thumbnail","7":"category-arts-et-design","8":"tag-arts","9":"tag-arts-and-design","10":"tag-arts-et-design","11":"tag-design","12":"tag-divertissement","13":"tag-entertainment","14":"tag-fr","15":"tag-france"},"share_on_mastodon":{"url":"https:\/\/pubeurope.com\/@fr\/115140892045470854","error":""},"_links":{"self":[{"href":"https:\/\/www.europesays.com\/fr\/wp-json\/wp\/v2\/posts\/363456","targetHints":{"allow":["GET"]}}],"collection":[{"href":"https:\/\/www.europesays.com\/fr\/wp-json\/wp\/v2\/posts"}],"about":[{"href":"https:\/\/www.europesays.com\/fr\/wp-json\/wp\/v2\/types\/post"}],"author":[{"embeddable":true,"href":"https:\/\/www.europesays.com\/fr\/wp-json\/wp\/v2\/users\/2"}],"replies":[{"embeddable":true,"href":"https:\/\/www.europesays.com\/fr\/wp-json\/wp\/v2\/comments?post=363456"}],"version-history":[{"count":0,"href":"https:\/\/www.europesays.com\/fr\/wp-json\/wp\/v2\/posts\/363456\/revisions"}],"wp:featuredmedia":[{"embeddable":true,"href":"https:\/\/www.europesays.com\/fr\/wp-json\/wp\/v2\/media\/363457"}],"wp:attachment":[{"href":"https:\/\/www.europesays.com\/fr\/wp-json\/wp\/v2\/media?parent=363456"}],"wp:term":[{"taxonomy":"category","embeddable":true,"href":"https:\/\/www.europesays.com\/fr\/wp-json\/wp\/v2\/categories?post=363456"},{"taxonomy":"post_tag","embeddable":true,"href":"https:\/\/www.europesays.com\/fr\/wp-json\/wp\/v2\/tags?post=363456"}],"curies":[{"name":"wp","href":"https:\/\/api.w.org\/{rel}","templated":true}]}}