{"id":363458,"date":"2025-09-03T14:42:11","date_gmt":"2025-09-03T14:42:11","guid":{"rendered":"https:\/\/www.europesays.com\/fr\/363458\/"},"modified":"2025-09-03T14:42:11","modified_gmt":"2025-09-03T14:42:11","slug":"le-canoe-reprend-les-editions-exils","status":"publish","type":"post","link":"https:\/\/www.europesays.com\/fr\/363458\/","title":{"rendered":"Le Cano\u00eb reprend les \u00e9ditions Exils"},"content":{"rendered":"<p>Les \u00e9ditions du Cano\u00eb reprennent la maison Exils, fond\u00e9e en 1998 par <strong>Philippe Thureau-Dangin<\/strong>\u00a0et <strong>Judith Brouste<\/strong>.<\/p>\n<p>Philippe Thureau-Dangin\u00a0doit renoncer \u00e0 la direction de sa maison en raison d\u2019une maladie auto-immune. \u00ab\u00a0Philippe, l\u2019ami tr\u00e8s cher, le seul qui m\u2019ait tendu la main au moment de la chute des \u00c9ditions de la Diff\u00e9rence\u00a0\u00bb, pr\u00e9sente dans un communiqu\u00e9 <strong>Colette Lambrichs<\/strong>, fondatrice du Cano\u00eb en 2017 apr\u00e8s le d\u00e9p\u00f4t de bilan des \u00e9ditions de la Diff\u00e9rence au bout de 40 ans d\u2019existence.<\/p>\n<p>Exils et Cano\u00eb poss\u00e8dent d\u00e9j\u00e0 des auteurs en commun dans leurs catalogues respectifs comme <strong>Youssef Ishaghpour<\/strong>. Ils ont aussi co\u00e9dit\u00e9 la monographie sur <strong>Julio Le\u00a0Parc<\/strong>, et partagent une m\u00eame vision de l\u2019\u00e9dition tourn\u00e9e vers des textes exigeants, essais ou fictions, \u00ab\u00a0qui n\u2019\u00e9pousent pas l\u2019air du temps sans l\u2019ignorer.\u00a0\u00bb<\/p>\n<p>Identit\u00e9 propre<\/p>\n<p>\u00ab\u00a0Comment refuser dans de telles circonstances\u00a0! Nous relevons le gant, assure l\u2019\u00e9ditrice. Le Cano\u00eb poursuit sa route \u00e0 contre-courant, persuad\u00e9 que la litt\u00e9rature, la pens\u00e9e, la po\u00e9sie sont plus n\u00e9cessaires que jamais dans l\u2019obscurantisme technologique avanc\u00e9 qui gouverne les esprits.\u00a0\u00bb<\/p>\n<p>Exils au Cano\u00eb continuera d\u2019exister avec sa propre identit\u00e9, ses maquettes, et sa diffusion-distribution via Pollen. Un premier titre est annonc\u00e9 pour novembre, Le vif-argent de <strong>Mariel Primois Bizot<\/strong>, sur la vie dans les m\u00e9dias de <strong>Jean-Fran\u00e7ois Bizot<\/strong>, fondateur du magazine Actuel (1970-1995) et de la premi\u00e8re version de Radio Nova (1981-2010).<\/p>\n","protected":false},"excerpt":{"rendered":"Les \u00e9ditions du Cano\u00eb reprennent la maison Exils, fond\u00e9e en 1998 par Philippe Thureau-Dangin\u00a0et Judith Brouste. Philippe Thureau-Dangin\u00a0doit&hellip;\n","protected":false},"author":2,"featured_media":363459,"comment_status":"","ping_status":"","sticky":false,"template":"","format":"standard","meta":{"footnotes":""},"categories":[1357],"tags":[1379,58,59,1011,27,1380],"class_list":{"0":"post-363458","1":"post","2":"type-post","3":"status-publish","4":"format-standard","5":"has-post-thumbnail","7":"category-livres","8":"tag-books","9":"tag-divertissement","10":"tag-entertainment","11":"tag-fr","12":"tag-france","13":"tag-livres"},"share_on_mastodon":{"url":"https:\/\/pubeurope.com\/@fr\/115140896030423054","error":""},"_links":{"self":[{"href":"https:\/\/www.europesays.com\/fr\/wp-json\/wp\/v2\/posts\/363458","targetHints":{"allow":["GET"]}}],"collection":[{"href":"https:\/\/www.europesays.com\/fr\/wp-json\/wp\/v2\/posts"}],"about":[{"href":"https:\/\/www.europesays.com\/fr\/wp-json\/wp\/v2\/types\/post"}],"author":[{"embeddable":true,"href":"https:\/\/www.europesays.com\/fr\/wp-json\/wp\/v2\/users\/2"}],"replies":[{"embeddable":true,"href":"https:\/\/www.europesays.com\/fr\/wp-json\/wp\/v2\/comments?post=363458"}],"version-history":[{"count":0,"href":"https:\/\/www.europesays.com\/fr\/wp-json\/wp\/v2\/posts\/363458\/revisions"}],"wp:featuredmedia":[{"embeddable":true,"href":"https:\/\/www.europesays.com\/fr\/wp-json\/wp\/v2\/media\/363459"}],"wp:attachment":[{"href":"https:\/\/www.europesays.com\/fr\/wp-json\/wp\/v2\/media?parent=363458"}],"wp:term":[{"taxonomy":"category","embeddable":true,"href":"https:\/\/www.europesays.com\/fr\/wp-json\/wp\/v2\/categories?post=363458"},{"taxonomy":"post_tag","embeddable":true,"href":"https:\/\/www.europesays.com\/fr\/wp-json\/wp\/v2\/tags?post=363458"}],"curies":[{"name":"wp","href":"https:\/\/api.w.org\/{rel}","templated":true}]}}