{"id":363460,"date":"2025-09-03T14:43:16","date_gmt":"2025-09-03T14:43:16","guid":{"rendered":"https:\/\/www.europesays.com\/fr\/363460\/"},"modified":"2025-09-03T14:43:16","modified_gmt":"2025-09-03T14:43:16","slug":"le-depute-rn-julien-odoul-a-passe-le-casting-de-lile-de-la-tentation","status":"publish","type":"post","link":"https:\/\/www.europesays.com\/fr\/363460\/","title":{"rendered":"Le d\u00e9put\u00e9 RN Julien Odoul a pass\u00e9 le casting de \u00ab L\u2019\u00eele de la tentation \u00bb"},"content":{"rendered":"<p class=\"mb-4 text-lg md:leading-8 break-words\">Le pass\u00e9 de mannequin de charme de <a class=\"link \" href=\"https:\/\/www.lepoint.fr\/video\/le-parcours-politique-de-julien-odoul-08-06-2021-2430139_738.php\" rel=\"nofollow noopener\" target=\"_blank\" data-ylk=\"slk:Julien Odoul;elm:context_link;itc:0;sec:content-canvas\">Julien Odoul<\/a> est connu et il ne s&rsquo;en cache pas. Cela lui a permis de payer ses \u00e9tudes d&rsquo;histoire avant de rejoindre les centristes de l&rsquo;UDI en Seine-Saint-Denis, puis le Front national et d&rsquo;\u00eatre aujourd&rsquo;hui <a class=\"link \" href=\"https:\/\/www.lepoint.fr\/politique\/le-rn-seul-a-s-interesser-a-la-ruralite-selon-le-pen-14-06-2022-2479489_20.php\" rel=\"nofollow noopener\" target=\"_blank\" data-ylk=\"slk:d\u00e9put\u00e9 de l&#039;Yonne;elm:context_link;itc:0;sec:content-canvas\">d\u00e9put\u00e9 de l&rsquo;Yonne<\/a> et porte-parole du Rassemblement national. Mais il existe une autre histoire qu&rsquo;il vient tout juste de r\u00e9v\u00e9ler au micro de Sud Radio.<\/p>\n<p class=\"mb-4 text-lg md:leading-8 break-words\">Invit\u00e9 de la premi\u00e8re \u00e9mission de Magali Berdah, intitul\u00e9e On vit pas dans la m\u00eame France\u00a0et diffus\u00e9e du lundi au jeudi de 20\u00a0heures \u00e0 21\u00a0heures, il s&rsquo;est soumis avec entrain \u00e0 la s\u00e9quence \u00ab\u00a0flash and cash\u00a0\u00bb. Comme l&rsquo;explique <a class=\"link \" href=\"https:\/\/www.lepoint.fr\/societe\/cyberharcelement-de-magali-berdah-28-personnes-condamnees-a-des-peines-de-prison-19-03-2024-2555443_23.php\" rel=\"nofollow noopener\" target=\"_blank\" data-ylk=\"slk:la femme d&#039;affaires;elm:context_link;itc:0;sec:content-canvas\">la femme d&rsquo;affaires<\/a> devenue animatrice radio, le concept consiste en une question courte, qui demande \u00ab\u00a0une r\u00e9ponse directe, pas d&rsquo;\u00e9chappatoire et pas de pirouettes\u00a0\u00bb.<\/p>\n<p class=\"mb-4 text-lg md:leading-8 break-words\">\u00c0 LIRE AUSSI <strong class=\"strong\"><a href=\"https:\/\/www.lepoint.fr\/politique\/je-ne-suis-pas-blonde-moi-la-sortie-sexiste-de-julien-odoul-14-04-2021-2422166_20.php\" rel=\"nofollow noopener\" target=\"_blank\" data-ylk=\"slk:\u00ab\u00a0Je ne suis pas blonde, moi\u00a0!\u00a0\u00bb\u00a0: la sortie sexiste de Julien Odoul;elm:context_link;itc:0;sec:content-canvas\" class=\"link \">\u00ab\u00a0Je ne suis pas blonde, moi\u00a0!\u00a0\u00bb\u00a0: la sortie sexiste de Julien Odoul<\/a><\/strong> \u00ab\u00a0C&rsquo;est la sp\u00e9cialit\u00e9 des influenceurs et des politiques\u00a0\u00bb, <a class=\"link \" href=\"https:\/\/www.sudradio.fr\/emission\/magali-berdah-sud-radio\" rel=\"nofollow noopener\" target=\"_blank\" data-ylk=\"slk:ajoute-t-elle;elm:context_link;itc:0;sec:content-canvas\">ajoute-t-elle<\/a>, mettant donc au m\u00eame niveau les deux activit\u00e9s. Et force est de constater que Magali Berdah a vis\u00e9 juste avec l&rsquo;\u00e9lu du Rassemblement national.<\/p>\n<p>Une \u00ab\u00a0autre vie\u00a0\u00bb<\/p>\n<p class=\"mb-4 text-lg md:leading-8 break-words\">Alors qu&rsquo;elle demande \u00e0 Julien Odoul s&rsquo;il a \u00ab\u00a0d\u00e9j\u00e0 pens\u00e9 participer \u00e0 une t\u00e9l\u00e9-r\u00e9alit\u00e9\u00a0\u00bb, ce dernier a r\u00e9pondu cash\u00a0: \u00ab\u00a0Oui. J&rsquo;ai pass\u00e9 le casting de L&rsquo;\u00eele de la tentation\u00a0\u00bb.<\/p>\n<p class=\"mb-4 text-lg md:leading-8 break-words\">L&rsquo;\u00e9mission est une adaptation d&rsquo;un concept am\u00e9ricain, Temptation Island, qui consiste \u00e0 tester la fid\u00e9lit\u00e9 de cinq couples, non mari\u00e9s et sans enfant. Les hommes et les femmes sont s\u00e9par\u00e9s pour vivre, pen [&#8230;] <a href=\"https:\/\/www.lepoint.fr\/people\/le-depute-rn-julien-odoul-a-passe-le-casting-de-l-ile-de-la-tentation-03-09-2025-2597647_2116.php\" rel=\"nofollow noopener\" target=\"_blank\" data-ylk=\"slk:Lire la suite;elm:context_link;itc:0;sec:content-canvas\" class=\"link \">Lire la suite<\/a><\/p>\n","protected":false},"excerpt":{"rendered":"Le pass\u00e9 de mannequin de charme de Julien Odoul est connu et il ne s&rsquo;en cache pas. Cela&hellip;\n","protected":false},"author":2,"featured_media":363461,"comment_status":"","ping_status":"","sticky":false,"template":"","format":"standard","meta":{"footnotes":""},"categories":[1356],"tags":[58,59,1011,27,47882,22015,1078,1945,252,1364],"class_list":{"0":"post-363460","1":"post","2":"type-post","3":"status-publish","4":"format-standard","5":"has-post-thumbnail","7":"category-television","8":"tag-divertissement","9":"tag-entertainment","10":"tag-fr","11":"tag-france","12":"tag-julien-odoul","13":"tag-magali-berdah","14":"tag-rassemblement-national","15":"tag-seine-saint-denis","16":"tag-television","17":"tag-tv"},"share_on_mastodon":{"url":"https:\/\/pubeurope.com\/@fr\/115140899993038448","error":""},"_links":{"self":[{"href":"https:\/\/www.europesays.com\/fr\/wp-json\/wp\/v2\/posts\/363460","targetHints":{"allow":["GET"]}}],"collection":[{"href":"https:\/\/www.europesays.com\/fr\/wp-json\/wp\/v2\/posts"}],"about":[{"href":"https:\/\/www.europesays.com\/fr\/wp-json\/wp\/v2\/types\/post"}],"author":[{"embeddable":true,"href":"https:\/\/www.europesays.com\/fr\/wp-json\/wp\/v2\/users\/2"}],"replies":[{"embeddable":true,"href":"https:\/\/www.europesays.com\/fr\/wp-json\/wp\/v2\/comments?post=363460"}],"version-history":[{"count":0,"href":"https:\/\/www.europesays.com\/fr\/wp-json\/wp\/v2\/posts\/363460\/revisions"}],"wp:featuredmedia":[{"embeddable":true,"href":"https:\/\/www.europesays.com\/fr\/wp-json\/wp\/v2\/media\/363461"}],"wp:attachment":[{"href":"https:\/\/www.europesays.com\/fr\/wp-json\/wp\/v2\/media?parent=363460"}],"wp:term":[{"taxonomy":"category","embeddable":true,"href":"https:\/\/www.europesays.com\/fr\/wp-json\/wp\/v2\/categories?post=363460"},{"taxonomy":"post_tag","embeddable":true,"href":"https:\/\/www.europesays.com\/fr\/wp-json\/wp\/v2\/tags?post=363460"}],"curies":[{"name":"wp","href":"https:\/\/api.w.org\/{rel}","templated":true}]}}