{"id":363462,"date":"2025-09-03T14:44:12","date_gmt":"2025-09-03T14:44:12","guid":{"rendered":"https:\/\/www.europesays.com\/fr\/363462\/"},"modified":"2025-09-03T14:44:12","modified_gmt":"2025-09-03T14:44:12","slug":"ses-faux-ongles-enfin-hors-de-cause","status":"publish","type":"post","link":"https:\/\/www.europesays.com\/fr\/363462\/","title":{"rendered":"ses (faux) ongles enfin hors de cause"},"content":{"rendered":"<p>                        <a class=\"author\" href=\"https:\/\/www.parismatch.com\/auteurs\/ines-momplet\" rel=\"nofollow noopener\" target=\"_blank\">In\u00e8s Momplet<\/a>Avec AFP<br \/>\n        03\/09\/2025 \u00e0 14:29, Mis \u00e0 jour le 03\/09\/2025 \u00e0 14:30<\/p>\n<p class=\"intro\">Accus\u00e9e d\u2019avoir agress\u00e9 une agente de s\u00e9curit\u00e9 en 2018, Cardi B est ressortie innocent\u00e9e du tribunal d\u2019Alhambra, ce 2\u00a0septembre.<\/p>\n<p><a href=\"https:\/\/www.parismatch.com\/bio\/cardi-b\" rel=\"nofollow noopener\" target=\"_blank\">Cardi B<\/a> a remport\u00e9 une victoire judiciaire de taille. Accus\u00e9e d\u2019avoir agress\u00e9 une agente de s\u00e9curit\u00e9 en 2018, la rappeuse am\u00e9ricaine de 32\u00a0ans a \u00e9t\u00e9 acquitt\u00e9e, ce 2\u00a0septembre, par un tribunal de Californie. La plaignante, Emani Ellis, ne r\u00e9clamait pas moins de 24\u00a0millions de dollars pour coups et blessures pr\u00e9sum\u00e9s. Verdict\u00a0: pas un centime.<\/p>\n<p>L\u2019affaire remonte \u00e0 f\u00e9vrier\u00a02018. \u00c0 l\u2019\u00e9poque Emani Ellis, alors en poste dans un cabinet de gyn\u00e9cologie de Beverly Hills, affirmait que <a href=\"https:\/\/www.parismatch.com\/People\/cardi-b-en-cow-girl-a-paris-pour-applaudir-beyonce-253149\" rel=\"nofollow noopener\" target=\"_blank\">l\u2019interpr\u00e8te de \u00ab\u00a0I like it\u00a0\u00bb<\/a> lui avait crach\u00e9 dessus et griff\u00e9 le visage avec ses faux ongles interminables. Cardi B, enceinte de quatre mois \u00e0 l\u2019\u00e9poque, aurait selon elle perdu son sang-froid. \u00c0 la barre, la rappeuse a livr\u00e9 une toute autre version.<\/p>\n<p>    La suite apr\u00e8s cette publicit\u00e9<\/p>\n<p>Selon ses dires, l\u2019agente de s\u00e9curit\u00e9 aurait tent\u00e9 de la filmer contre son gr\u00e9, alors qu\u2019elle n\u2019avait pas encore r\u00e9v\u00e9l\u00e9 sa grossesse au public. Une tentative d\u2019intimidation qui aurait donn\u00e9 lieu \u00e0 un face-\u00e0-face houleux, ponctu\u00e9 d\u2019injures mais d\u00e9nu\u00e9 de violences physiques selon Cardi B. \u00ab\u00a0Je jure devant Dieu, je le dirai sur mon lit de mort\u00a0: je n\u2019ai pas touch\u00e9 cette femme\u00a0\u00bb, a r\u00e9p\u00e9t\u00e9 la star avant de sortir du tribunal blanchie de toute accusation.<\/p>\n<p>    La suite apr\u00e8s cette publicit\u00e9<\/p>\n<p>La mise en garde de Cardi B<\/p>\n<p>Sur le parvis du tribunal d\u2019Alhambra, <a href=\"https:\/\/www.parismatch.com\/People\/cardi-b-sculpturale-au-defile-stephane-rolland-eve-gilles-joue-les-groupies-253958\" rel=\"nofollow noopener\" target=\"_blank\">la rappeuse<\/a> a ainsi remerci\u00e9 ses soutiens avant de pr\u00e9venir ses futurs d\u00e9tracteurs\u00a0: \u00ab\u00a0La prochaine personne qui essaiera d\u2019intenter un proc\u00e8s futile contre moi, je vais contre-attaquer et je vais vous faire payer. Parce que ce n\u2019est pas acceptable\u00a0\u00bb Et d\u2019ajouter\u00a0: \u00ab\u00a0Ne pensez jamais que vous allez me poursuivre en justice et que je vais accepter un r\u00e8glement \u00e0 l\u2019amiable.\u00a0\u00bb<\/p>\n<p>Son proc\u00e8s ultra-m\u00e9diatis\u00e9 n\u2019a pas manqu\u00e9 de faire r\u00e9agir les r\u00e9seaux sociaux. Qu\u2019il s\u2019agisse des passes d\u2019armes entre Cardi B et l\u2019avocat de la\u00a0 plaignante ou du comportement de la rappeuse entre roulements d\u2019yeux, haussements d\u2019\u00e9paules et r\u00e9pliques bien senties.<\/p>\n","protected":false},"excerpt":{"rendered":"In\u00e8s MompletAvec AFP 03\/09\/2025 \u00e0 14:29, Mis \u00e0 jour le 03\/09\/2025 \u00e0 14:30 Accus\u00e9e d\u2019avoir agress\u00e9 une agente&hellip;\n","protected":false},"author":2,"featured_media":363463,"comment_status":"","ping_status":"","sticky":false,"template":"","format":"standard","meta":{"footnotes":""},"categories":[1355],"tags":[58,59,1011,27,1361,873],"class_list":{"0":"post-363462","1":"post","2":"type-post","3":"status-publish","4":"format-standard","5":"has-post-thumbnail","7":"category-musique","8":"tag-divertissement","9":"tag-entertainment","10":"tag-fr","11":"tag-france","12":"tag-music","13":"tag-musique"},"share_on_mastodon":{"url":"https:\/\/pubeurope.com\/@fr\/115140903975197379","error":""},"_links":{"self":[{"href":"https:\/\/www.europesays.com\/fr\/wp-json\/wp\/v2\/posts\/363462","targetHints":{"allow":["GET"]}}],"collection":[{"href":"https:\/\/www.europesays.com\/fr\/wp-json\/wp\/v2\/posts"}],"about":[{"href":"https:\/\/www.europesays.com\/fr\/wp-json\/wp\/v2\/types\/post"}],"author":[{"embeddable":true,"href":"https:\/\/www.europesays.com\/fr\/wp-json\/wp\/v2\/users\/2"}],"replies":[{"embeddable":true,"href":"https:\/\/www.europesays.com\/fr\/wp-json\/wp\/v2\/comments?post=363462"}],"version-history":[{"count":0,"href":"https:\/\/www.europesays.com\/fr\/wp-json\/wp\/v2\/posts\/363462\/revisions"}],"wp:featuredmedia":[{"embeddable":true,"href":"https:\/\/www.europesays.com\/fr\/wp-json\/wp\/v2\/media\/363463"}],"wp:attachment":[{"href":"https:\/\/www.europesays.com\/fr\/wp-json\/wp\/v2\/media?parent=363462"}],"wp:term":[{"taxonomy":"category","embeddable":true,"href":"https:\/\/www.europesays.com\/fr\/wp-json\/wp\/v2\/categories?post=363462"},{"taxonomy":"post_tag","embeddable":true,"href":"https:\/\/www.europesays.com\/fr\/wp-json\/wp\/v2\/tags?post=363462"}],"curies":[{"name":"wp","href":"https:\/\/api.w.org\/{rel}","templated":true}]}}