{"id":363464,"date":"2025-09-03T14:45:17","date_gmt":"2025-09-03T14:45:17","guid":{"rendered":"https:\/\/www.europesays.com\/fr\/363464\/"},"modified":"2025-09-03T14:45:17","modified_gmt":"2025-09-03T14:45:17","slug":"nuns-vs-the-vatican-un-film-documentaire-sur-laffaire-rupnik","status":"publish","type":"post","link":"https:\/\/www.europesays.com\/fr\/363464\/","title":{"rendered":"Nuns vs the Vatican : un film documentaire sur l&rsquo;affaire Rupnik"},"content":{"rendered":"<p>Un film documentaire est <a href=\"https:\/\/tiff.net\/films\/nuns-vs-the-vatican\" rel=\"nofollow noopener\" target=\"_blank\">sorti<\/a> ces derni\u00e8res semaines sur les religieuses victimes du sulfureux j\u00e9suite et mosa\u00efste Marko Rupnik, ami de feu le Pape Fran\u00e7ois, accus\u00e9 par<a href=\"https:\/\/riposte-catholique.fr\/archives\/200353\" rel=\"nofollow noopener\" target=\"_blank\"> plusieurs dizaines<\/a> de victimes d\u2019abus sexuels et spirituels.<\/p>\n<p>\u00ab\u00a0Les cin\u00e9astes prim\u00e9s aux Emmy Awards, Lorena Luciano et Filippo Piscopo, s\u2019associent aux productrices ex\u00e9cutives Trish Adlesic et Mariska Hargitay (\u00a0New York, unit\u00e9 sp\u00e9ciale\u00a0,\u00a0Je suis la preuve\u00a0) pour relater un mouvement croissant en faveur de la justice.<\/p>\n<p>Une figure cl\u00e9 de cette enqu\u00eate est l\u2019ancienne religieuse Gloria\u00a0 [<a href=\"https:\/\/www.romereports.com\/en\/2024\/02\/21\/two-former-consecrated-women-who-say-they-were-abused-by-fr-rupnik-speak-out\/\" rel=\"nofollow noopener\" target=\"_blank\">Branciani<\/a>], qui a rompu trente ans de silence pour porter plainte contre l\u2019\u00e9minent p\u00e8re j\u00e9suite Marko Rupnik, dans une affaire toujours en cours. Son travail de peintre mosa\u00efste renomm\u00e9 lui a valu de puissants alli\u00e9s au Vatican. \u00c0 ce jour, plus de trente autres religieuses ont accus\u00e9 Rupnik d\u2019abus alors qu\u2019il est encore pr\u00eatre en activit\u00e9 pr\u00e8s de Rome\u00a0\u00bb.\u00a0<\/p>\n<p>Le documentaire donne aussi la parole \u00e0 \u00ab\u00a0Lucetta Scaraffia, qui a d\u00e9missionn\u00e9 du magazine f\u00e9minin du Vatican suite aux critiques formul\u00e9es \u00e0 l\u2019encontre de son reportage sur les abus commis sur des religieuses ; la journaliste italienne Federica Tourn, qui rassemble des t\u00e9moignages ; et la militante am\u00e9ricaine Barbara Dorris, qui milite pour les victimes\u00ab\u00a0.<\/p>\n","protected":false},"excerpt":{"rendered":"Un film documentaire est sorti ces derni\u00e8res semaines sur les religieuses victimes du sulfureux j\u00e9suite et mosa\u00efste Marko&hellip;\n","protected":false},"author":2,"featured_media":363465,"comment_status":"","ping_status":"","sticky":false,"template":"","format":"standard","meta":{"footnotes":""},"categories":[1354],"tags":[11108,49827,58,59,1346,1011,27,49828,1360],"class_list":{"0":"post-363464","1":"post","2":"type-post","3":"status-publish","4":"format-standard","5":"has-post-thumbnail","7":"category-films","8":"tag-abus-sexuels","9":"tag-abus-spirituels","10":"tag-divertissement","11":"tag-entertainment","12":"tag-films","13":"tag-fr","14":"tag-france","15":"tag-marko-rupnik","16":"tag-movies"},"share_on_mastodon":{"url":"https:\/\/pubeurope.com\/@fr\/115140907722767869","error":""},"_links":{"self":[{"href":"https:\/\/www.europesays.com\/fr\/wp-json\/wp\/v2\/posts\/363464","targetHints":{"allow":["GET"]}}],"collection":[{"href":"https:\/\/www.europesays.com\/fr\/wp-json\/wp\/v2\/posts"}],"about":[{"href":"https:\/\/www.europesays.com\/fr\/wp-json\/wp\/v2\/types\/post"}],"author":[{"embeddable":true,"href":"https:\/\/www.europesays.com\/fr\/wp-json\/wp\/v2\/users\/2"}],"replies":[{"embeddable":true,"href":"https:\/\/www.europesays.com\/fr\/wp-json\/wp\/v2\/comments?post=363464"}],"version-history":[{"count":0,"href":"https:\/\/www.europesays.com\/fr\/wp-json\/wp\/v2\/posts\/363464\/revisions"}],"wp:featuredmedia":[{"embeddable":true,"href":"https:\/\/www.europesays.com\/fr\/wp-json\/wp\/v2\/media\/363465"}],"wp:attachment":[{"href":"https:\/\/www.europesays.com\/fr\/wp-json\/wp\/v2\/media?parent=363464"}],"wp:term":[{"taxonomy":"category","embeddable":true,"href":"https:\/\/www.europesays.com\/fr\/wp-json\/wp\/v2\/categories?post=363464"},{"taxonomy":"post_tag","embeddable":true,"href":"https:\/\/www.europesays.com\/fr\/wp-json\/wp\/v2\/tags?post=363464"}],"curies":[{"name":"wp","href":"https:\/\/api.w.org\/{rel}","templated":true}]}}