{"id":363476,"date":"2025-09-03T14:51:13","date_gmt":"2025-09-03T14:51:13","guid":{"rendered":"https:\/\/www.europesays.com\/fr\/363476\/"},"modified":"2025-09-03T14:51:13","modified_gmt":"2025-09-03T14:51:13","slug":"en-angleterre-les-boissons-energisantes-bientot-interdites-aux-moins-de-16-ans","status":"publish","type":"post","link":"https:\/\/www.europesays.com\/fr\/363476\/","title":{"rendered":"en Angleterre, les boissons \u00e9nergisantes bient\u00f4t interdites aux moins de 16 ans"},"content":{"rendered":"<p>                             Par Le Figaro avec AFP<\/p>\n<p>                Le 3 septembre 2025 \u00e0 12h01<\/p>\n<p>    Environ un tiers des adolescents de 13 \u00e0 16 ans et pr\u00e8s d\u2019un quart des enfants \u00e2g\u00e9s de 11 \u00e0 12 ans consomment une ou plusieurs de ces boissons chaque semaine. (Image d\u2019illustration)<br \/>\n                ADOBE STOCK<\/p>\n<p>Le gouvernement met en avant leurs \u00abeffets n\u00e9fastes\u00bb sur la sant\u00e9 des jeunes, notamment les troubles du sommeil, une augmentation de l\u2019anxi\u00e9t\u00e9, une baisse de la concentration et des r\u00e9sultats scolaires.<\/p>\n<p class=\"fig-paragraph\">Il va \u00eatre impossible pour un jeune de moins de 16 ans d\u2019acheter en Angleterre des boissons \u00e9nergisantes comme le Red Bull afin d\u2019\u00abam\u00e9liorer leur<a href=\"http:\/\/www.lefigaro.fr\/entrepreneur\/investir-dans-la-sante-mentale-au-travail-c-est-investir-dans-la-performance-pour-la-premiere-fois-les-entreprises-s-engagent-20250828\" data-fig-type=\"Article\" data-gtm-custom-categorie=\"navigation\" data-gtm-custom-action=\"crossclick\" data-gtm-custom-label=\"Contextuel\" data-gtm-event=\"customEventSPE\" data-fig-domain=\"LEFIGARO\" target=\"_blank\" rel=\"noopener\">\u00a0sant\u00e9 physique et mentale<\/a> \u00bb et de lutter contre l\u2019ob\u00e9sit\u00e9, a annonc\u00e9 mercredi le gouvernement. La vente de boissons \u00e9nergisantes comme le Red Bull va \u00eatre interdite aux jeunes de moins de 16 ans en Angleterre afin d&rsquo;\u00abam\u00e9liorer leur sant\u00e9 physique et mentale\u00bb et de lutter contre l&rsquo;ob\u00e9sit\u00e9, a annonc\u00e9 mercredi le gouvernement.<\/p>\n<p class=\"fig-paragraph\">Environ un tiers des adolescents de 13 \u00e0 16 ans et pr\u00e8s d&rsquo;un quart des enfants \u00e2g\u00e9s de 11 \u00e0 12 ans consomment une ou plusieurs de ces boissons chaque semaine, selon des recherches cit\u00e9es par le minist\u00e8re de la Sant\u00e9. Le gouvernement met en avant leurs \u00abeffets n\u00e9fastes\u00bb sur la sant\u00e9 des jeunes, notamment les troubles du sommeil, une augmentation de l&rsquo;<a href=\"http:\/\/www.lefigaro.fr\/flash-eco\/stress-anxiete-tendance-depressive-un-salarie-sur-quatre-se-dit-en-mauvaise-sante-mentale-selon-une-etude-ipsos-20250123\" data-fig-type=\"NewsFlash\" data-gtm-custom-categorie=\"navigation\" data-gtm-custom-action=\"crossclick\" data-gtm-custom-label=\"Contextuel\" data-gtm-event=\"customEventSPE\" data-fig-domain=\"LEFIGARO\" target=\"_blank\" rel=\"noopener\">anxi\u00e9t\u00e9<\/a>, une baisse de la concentration et des r\u00e9sultats scolaires. \u00abComment les enfants peuvent-ils r\u00e9ussir \u00e0 l&rsquo;\u00e9cole s&rsquo;ils ing\u00e8rent quotidiennement l&rsquo;\u00e9quivalent d&rsquo;un double espresso?\u00bb, s&rsquo;interroge le ministre de la Sant\u00e9 Wes Streeting dans un communiqu\u00e9.<\/p>\n<p>                                    <a class=\"fig-a11y-skip a11y-hidden\" href=\"#fig-a11y-skip-main-inarticle\"><br \/>\n        Passer la publicit\u00e9<br \/>\n    <\/a><\/p>\n<p>\u00abCette interdiction s\u2019appliquera \u00e0 tous les points de vente\u00bb<\/p>\n<p class=\"fig-paragraph\">Les boissons \u00e9nergisantes \u00abpeuvent sembler inoffensives mais elles ont un impact sur le sommeil, la concentration et le bien-\u00eatre des enfants d&rsquo;aujourd&rsquo;hui, tandis que les versions riches en sucre endommagent leurs dents et contribuent \u00e0 l&rsquo;ob\u00e9sit\u00e9\u00bb, ajoute-t-il.<\/p>\n<p class=\"fig-paragraph\">Le gouvernement veut rendre ill\u00e9gale la vente de boissons \u00e9nergisantes contenant plus de 150 mg de caf\u00e9ine par litre aux moins de 16 ans. Il s&rsquo;agit notamment des boissons Red Bull et Monster. Cette interdiction s&rsquo;appliquera \u00e0 tous les points de vente, y compris en ligne, dans les magasins, les restaurants, les caf\u00e9s et les distributeurs automatiques.<\/p>\n<p class=\"fig-paragraph\">Une consultation de 12 semaines est lanc\u00e9e mercredi sur la mise en \u0153uvre de l&rsquo;interdiction, afin de recueillir des informations aupr\u00e8s d&rsquo;experts de la sant\u00e9, de responsables de l&rsquo;\u00e9ducation, de vendeurs etc. Cette mesure s&rsquo;applique \u00e0 l&rsquo;Angleterre. L&rsquo;Irlande du Nord, l&rsquo;\u00c9cosse et le Pays de Galles prennent leurs propres d\u00e9cisions en mati\u00e8re de sant\u00e9.<\/p>\n","protected":false},"excerpt":{"rendered":"Par Le Figaro avec AFP Le 3 septembre 2025 \u00e0 12h01 Environ un tiers des adolescents de 13&hellip;\n","protected":false},"author":2,"featured_media":363477,"comment_status":"","ping_status":"","sticky":false,"template":"","format":"standard","meta":{"footnotes":""},"categories":[5],"tags":[8704,47,8699,11,4708,709,8707,8706,4988,1011,27,8705,8700,14,5362,226,224,8701,225,12,8702,298,71,8703,801,227,28],"class_list":{"0":"post-363476","1":"post","2":"type-post","3":"status-publish","4":"format-standard","5":"has-post-thumbnail","7":"category-international","8":"tag-actu-sante","9":"tag-actualite","10":"tag-actualite-sante","11":"tag-actualites","12":"tag-angleterre","13":"tag-boisson","14":"tag-conseil-medical","15":"tag-conseils-medicaux","16":"tag-forme","17":"tag-fr","18":"tag-france","19":"tag-guide-des-medicaments","20":"tag-info-sante","21":"tag-international","22":"tag-magazine-sante","23":"tag-maladie","24":"tag-medecine","25":"tag-medical","26":"tag-medicament","27":"tag-news","28":"tag-nutrition-et-sante","29":"tag-psychologie","30":"tag-sante","31":"tag-sexualite","32":"tag-social","33":"tag-traitement","34":"tag-world"},"share_on_mastodon":{"url":"https:\/\/pubeurope.com\/@fr\/115140931398375089","error":""},"_links":{"self":[{"href":"https:\/\/www.europesays.com\/fr\/wp-json\/wp\/v2\/posts\/363476","targetHints":{"allow":["GET"]}}],"collection":[{"href":"https:\/\/www.europesays.com\/fr\/wp-json\/wp\/v2\/posts"}],"about":[{"href":"https:\/\/www.europesays.com\/fr\/wp-json\/wp\/v2\/types\/post"}],"author":[{"embeddable":true,"href":"https:\/\/www.europesays.com\/fr\/wp-json\/wp\/v2\/users\/2"}],"replies":[{"embeddable":true,"href":"https:\/\/www.europesays.com\/fr\/wp-json\/wp\/v2\/comments?post=363476"}],"version-history":[{"count":0,"href":"https:\/\/www.europesays.com\/fr\/wp-json\/wp\/v2\/posts\/363476\/revisions"}],"wp:featuredmedia":[{"embeddable":true,"href":"https:\/\/www.europesays.com\/fr\/wp-json\/wp\/v2\/media\/363477"}],"wp:attachment":[{"href":"https:\/\/www.europesays.com\/fr\/wp-json\/wp\/v2\/media?parent=363476"}],"wp:term":[{"taxonomy":"category","embeddable":true,"href":"https:\/\/www.europesays.com\/fr\/wp-json\/wp\/v2\/categories?post=363476"},{"taxonomy":"post_tag","embeddable":true,"href":"https:\/\/www.europesays.com\/fr\/wp-json\/wp\/v2\/tags?post=363476"}],"curies":[{"name":"wp","href":"https:\/\/api.w.org\/{rel}","templated":true}]}}