{"id":363478,"date":"2025-09-03T14:52:10","date_gmt":"2025-09-03T14:52:10","guid":{"rendered":"https:\/\/www.europesays.com\/fr\/363478\/"},"modified":"2025-09-03T14:52:10","modified_gmt":"2025-09-03T14:52:10","slug":"une-violente-altercation-oppose-deux-professeurs-dans-un-lycee-un-enseignant-recoit-des-coups-de-couteau-en-pleine-salle-des-profs","status":"publish","type":"post","link":"https:\/\/www.europesays.com\/fr\/363478\/","title":{"rendered":"Une \u00ab\u00a0violente altercation\u00a0\u00bb oppose deux professeurs dans un lyc\u00e9e\u00a0: un enseignant re\u00e7oit des coups de couteau en pleine salle des profs"},"content":{"rendered":"<p>\n                                                                    l&rsquo;essentiel<br \/>\n                                                                Un enseignant a \u00e9t\u00e9 l\u00e9g\u00e8rement bless\u00e9 ce mercredi 3\u00a0septembre par un de ses coll\u00e8gues, qui lui a port\u00e9 deux coups de couteau lors d\u2019une \u00ab\u00a0violente altercation\u00a0\u00bb dans la salle des professeurs d\u2019un lyc\u00e9e de Martigues. Le professeur mis en cause\u00a0a \u00e9t\u00e9 plac\u00e9 en garde \u00e0 vue.\n                            <\/p>\n<p>Ce mercredi 3\u00a0septembre, un enseignant a \u00e9t\u00e9 bless\u00e9 par un de ses coll\u00e8gues, qui lui a port\u00e9 deux coups de couteau lors d\u2019une \u00ab\u00a0violente altercation\u00a0\u00bb\u00a0dans la salle des professeurs d\u2019un lyc\u00e9e de Martigues (Bouches-du-Rh\u00f4ne), a appris l\u2019AFP du rectorat et du parquet\u00a0confirmant une information du m\u00e9dia local <a href=\"https:\/\/maritima.fr\/actualites\/faits-divers\/martigues\/8698\/martigues-une-altercation-entre-deux-professeurs-degenere-au-lycee-langevin\" target=\"_self\" rel=\"nofollow noopener\">Maritima<\/a>.<\/p>\n<p>Les faits se sont d\u00e9roul\u00e9s aux alentours de 10\u00a0heures.\u00a0Pendant la dispute, l\u2019enseignant mis en cause aurait port\u00e9 \u00ab\u00a0deux petits coups de couteau au niveau du cou\u00a0\u00bb de son coll\u00e8gue, \u00ab\u00a0sans que cela ne provoque de sang, ni rien\u00a0\u00bb, selon une source polici\u00e8re cit\u00e9e par\u00a0<a href=\"https:\/\/www.laprovence.com\/article\/faits-divers-justice\/6260307728326\/professeur-agresse-au-couteau-par-un-collegue-a-martigues-ce-que-l-on-sait-des-evenements\" target=\"_self\" rel=\"nofollow noopener\">La Provence<\/a>.<\/p>\n<p>Avant l\u2019arriv\u00e9e de la patrouille du Groupe de s\u00e9curit\u00e9 de proximit\u00e9, ce sont les professeurs pr\u00e9sents qui ont contenu leur coll\u00e8gue et l\u2019ont convaincu de d\u00e9poser son arme.\u00a0Quant \u00e0 l\u2019enseignant bless\u00e9, il a \u00e9t\u00e9 imm\u00e9diatement pris en charge par l\u2019infirmi\u00e8re scolaire, avant que les secours ne prennent le relais.<\/p>\n<p>\u00ab\u00a0En rupture de traitement m\u00e9dical\u00a0\u00bb<\/p>\n<p>L\u2019auteur des faits a \u00e9t\u00e9 plac\u00e9 en garde \u00e0 vue dans le cadre d\u2019une enqu\u00eate ouverte pour \u00ab\u00a0violences aggrav\u00e9es\u00a0\u00bb, a indiqu\u00e9 le procureur d\u2019Aix-en-Provence, Jean-Luc-Blachon.<\/p>\n<p>\u00ab\u00a0Les investigations sont en cours pour d\u00e9terminer les circonstances et le mobile de l\u2019auteur\u00a0\u00bb, a ajout\u00e9 le magistrat. Selon nos confr\u00e8res de\u00a0La Provence, l\u2019enseignant mis en cause serait \u00ab\u00a0en rupture de traitement m\u00e9dical\u00a0\u00bb.<\/p>\n<p>L\u2019\u00e9tablissement a \u00e9t\u00e9 \u00e9vacu\u00e9 et il\u00a0sera \u00e9galement ferm\u00e9 le\u00a0jeudi matin \u00ab\u00a0afin de permettre aux personnels de pr\u00e9parer l\u2019accueil de vos enfants\u00a0\u00bb pr\u00e9cise le proviseur du lyc\u00e9e, rapporte <a href=\"https:\/\/www.francebleu.fr\/infos\/faits-divers-justice\/un-professeur-blesse-au-couteau-par-un-de-ses-collegues-au-lycee-paul-langevin-de-martigues-8445190\" target=\"_self\" rel=\"nofollow noopener\">Ici Provence<\/a>. Une cellule d\u2019\u00e9coute a \u00e9t\u00e9 mise en place pour les personnels, a pr\u00e9cis\u00e9 le rectorat.<\/p>\n","protected":false},"excerpt":{"rendered":"l&rsquo;essentiel Un enseignant a \u00e9t\u00e9 l\u00e9g\u00e8rement bless\u00e9 ce mercredi 3\u00a0septembre par un de ses coll\u00e8gues, qui lui a&hellip;\n","protected":false},"author":2,"featured_media":363479,"comment_status":"","ping_status":"","sticky":false,"template":"","format":"standard","meta":{"footnotes":""},"categories":[4],"tags":[11,1011,27,12,25],"class_list":{"0":"post-363478","1":"post","2":"type-post","3":"status-publish","4":"format-standard","5":"has-post-thumbnail","7":"category-france","8":"tag-actualites","9":"tag-fr","10":"tag-france","11":"tag-news","12":"tag-republique-francaise"},"share_on_mastodon":{"url":"https:\/\/pubeurope.com\/@fr\/115140935266296709","error":""},"_links":{"self":[{"href":"https:\/\/www.europesays.com\/fr\/wp-json\/wp\/v2\/posts\/363478","targetHints":{"allow":["GET"]}}],"collection":[{"href":"https:\/\/www.europesays.com\/fr\/wp-json\/wp\/v2\/posts"}],"about":[{"href":"https:\/\/www.europesays.com\/fr\/wp-json\/wp\/v2\/types\/post"}],"author":[{"embeddable":true,"href":"https:\/\/www.europesays.com\/fr\/wp-json\/wp\/v2\/users\/2"}],"replies":[{"embeddable":true,"href":"https:\/\/www.europesays.com\/fr\/wp-json\/wp\/v2\/comments?post=363478"}],"version-history":[{"count":0,"href":"https:\/\/www.europesays.com\/fr\/wp-json\/wp\/v2\/posts\/363478\/revisions"}],"wp:featuredmedia":[{"embeddable":true,"href":"https:\/\/www.europesays.com\/fr\/wp-json\/wp\/v2\/media\/363479"}],"wp:attachment":[{"href":"https:\/\/www.europesays.com\/fr\/wp-json\/wp\/v2\/media?parent=363478"}],"wp:term":[{"taxonomy":"category","embeddable":true,"href":"https:\/\/www.europesays.com\/fr\/wp-json\/wp\/v2\/categories?post=363478"},{"taxonomy":"post_tag","embeddable":true,"href":"https:\/\/www.europesays.com\/fr\/wp-json\/wp\/v2\/tags?post=363478"}],"curies":[{"name":"wp","href":"https:\/\/api.w.org\/{rel}","templated":true}]}}