{"id":363480,"date":"2025-09-03T14:53:12","date_gmt":"2025-09-03T14:53:12","guid":{"rendered":"https:\/\/www.europesays.com\/fr\/363480\/"},"modified":"2025-09-03T14:53:12","modified_gmt":"2025-09-03T14:53:12","slug":"les-renseignements-territoriaux-anticipent-des-actions-partout-en-france-liberation","status":"publish","type":"post","link":"https:\/\/www.europesays.com\/fr\/363480\/","title":{"rendered":"les renseignements territoriaux anticipent des actions partout en France \u2013 Lib\u00e9ration"},"content":{"rendered":"<p class=\"sc-cPiKLX AiZTS text-element\">A quoi va ressembler la journ\u00e9e du mercredi 10 septembre ? Parti d\u2019un appel en ligne, repris de fa\u00e7on h\u00e9t\u00e9rog\u00e8ne selon les endroits, et structur\u00e9 sous les radars pendant l\u2019\u00e9t\u00e9, les contours exacts du mot d\u2019ordre \u00abBloquons tout\u00bb restent pour l\u2019heure encore flous. Selon les informations collect\u00e9es par les services de renseignement et transmises \u00e0 l\u2019AFP, ce mouvement aurait selon eux \u00abchang\u00e9 d\u2019orientation\u00bb depuis son lancement sur les r\u00e9seaux sociaux, avec une \u00abprise en main par l\u2019extr\u00eame gauche et l\u2019ultra gauche\u00bb.<\/p>\n<p class=\"sc-cPiKLX AiZTS text-element\">Avec la rentr\u00e9e, les renseignements territoriaux rel\u00e8vent que la mobilisation passe d\u00e9sormais \u00abpar des r\u00e9unions et des assembl\u00e9es g\u00e9n\u00e9rales o\u00f9 les gens se voient et \u00e9changent concr\u00e8tement\u00bb. Ce type de rassemblements auraient lieu \u00abpartout, dans des villages et pas seulement dans les grandes villes\u00bb et chacun, \u00aby va de son id\u00e9e\u00bb. \u00ab\u00c7a part dans tous les sens\u00bb, notent-ils.<\/p>\n<p class=\"sc-cPiKLX AiZTS text-element\">Sont \u00e9voqu\u00e9s p\u00eale-m\u00eale des blocages de gares, d\u2019axes de circulation, de raffineries, de d\u00e9p\u00f4ts de la grande distribution comme Amazon, des op\u00e9rations p\u00e9ages gratuits ou chariots gratuits (partir de grandes surfaces sans payer), des sabotages de radars automatiques, de distributeurs de billets, ou encore des manifestations classiques.<\/p>\n<p class=\"sc-cPiKLX AiZTS text-element\">\u00abSi on note une adh\u00e9sion de plus en plus importante dans les r\u00e9unions, il y a une part d\u2019al\u00e9as. Tout d\u00e9pendra du nombre de personnes r\u00e9ellement mobilis\u00e9es le jour J pour entreprendre telle ou telle action\u00bb, a expliqu\u00e9 une source s\u00e9curitaire. \u00abC\u2019est un mouvement horizontal, il n\u2019y a pas un chef, chacun fait ce qu\u2019il veut\u00bb, a-t-elle poursuivi. D\u2019o\u00f9 la difficult\u00e9 pour les autorit\u00e9s d\u2019anticiper les actions men\u00e9es, et l\u2019ampleur qu\u2019elles pourraient prendre.<\/p>\n<p class=\"sc-cPiKLX AiZTS text-element\">M\u00eame si l\u2019hypoth\u00e8se d\u2019une chute du gouvernement de Fran\u00e7ois Bayrou le 8 septembre est la plus probable, les services de renseignement consid\u00e8rent que le 10 septembre sera \u00abune journ\u00e9e qui comptera\u00bb car il y a \u00abde la grogne et de la col\u00e8re\u00bb. Elle s\u2019inscrit en outre dans \u00abune s\u00e9quence, une journ\u00e9e d\u2019action syndicale \u00e9tant pr\u00e9vue le 18 septembre\u00bb.<\/p>\n<p class=\"sc-cPiKLX AiZTS text-element\">Par ailleurs, aucun mot d\u2019ordre unique ne se d\u00e9gage vraiment. Cela va des \u00abrevendications locales, \u00e9conomiques, \u00e0 la d\u00e9mission du pr\u00e9sident Emmanuel Macron\u00bb, \u00e9num\u00e8re la source polici\u00e8re cit\u00e9e plus haut. Les autorit\u00e9s surveillent \u00e9galement attentivement ce que pourraient faire les \u00e9tudiants et les lyc\u00e9ens, en s\u2019inqui\u00e9tant d\u2019une mobilisation massive et incontr\u00f4l\u00e9e de leur part. \u00abLes images ne seront pas belles\u00bb, pr\u00e9vient un responsable de la police.<\/p>\n<p class=\"sc-cPiKLX AiZTS text-element\">A Paris, les forces de l\u2019ordre se pr\u00e9parent \u00e0 toute \u00e9ventualit\u00e9 et, comme lors du mouvement des gilets jaunes ou des manifestations contre la r\u00e9forme des retraites, elles vont s\u00e9curiser tous les lieux embl\u00e9matiques de la capitale : Elys\u00e9e, Matignon, minist\u00e8res, Assembl\u00e9e nationale et S\u00e9nat. Les pr\u00e9fectures sont \u00e9galement en alerte sur tout le territoire, m\u00eame si les autorit\u00e9s envisagent des mouvements plus forts dans certaines r\u00e9gions, comme l\u2019ouest notamment, avec les villes de Rennes et Nantes.<\/p>\n","protected":false},"excerpt":{"rendered":"A quoi va ressembler la journ\u00e9e du mercredi 10 septembre ? Parti d\u2019un appel en ligne, repris de&hellip;\n","protected":false},"author":2,"featured_media":363481,"comment_status":"","ping_status":"","sticky":false,"template":"","format":"standard","meta":{"footnotes":""},"categories":[2],"tags":[11,47212,1011,27,12],"class_list":{"0":"post-363480","1":"post","2":"type-post","3":"status-publish","4":"format-standard","5":"has-post-thumbnail","7":"category-actualites","8":"tag-actualites","9":"tag-bloquons-tout","10":"tag-fr","11":"tag-france","12":"tag-news"},"share_on_mastodon":{"url":"https:\/\/pubeurope.com\/@fr\/115140939168114943","error":""},"_links":{"self":[{"href":"https:\/\/www.europesays.com\/fr\/wp-json\/wp\/v2\/posts\/363480","targetHints":{"allow":["GET"]}}],"collection":[{"href":"https:\/\/www.europesays.com\/fr\/wp-json\/wp\/v2\/posts"}],"about":[{"href":"https:\/\/www.europesays.com\/fr\/wp-json\/wp\/v2\/types\/post"}],"author":[{"embeddable":true,"href":"https:\/\/www.europesays.com\/fr\/wp-json\/wp\/v2\/users\/2"}],"replies":[{"embeddable":true,"href":"https:\/\/www.europesays.com\/fr\/wp-json\/wp\/v2\/comments?post=363480"}],"version-history":[{"count":0,"href":"https:\/\/www.europesays.com\/fr\/wp-json\/wp\/v2\/posts\/363480\/revisions"}],"wp:featuredmedia":[{"embeddable":true,"href":"https:\/\/www.europesays.com\/fr\/wp-json\/wp\/v2\/media\/363481"}],"wp:attachment":[{"href":"https:\/\/www.europesays.com\/fr\/wp-json\/wp\/v2\/media?parent=363480"}],"wp:term":[{"taxonomy":"category","embeddable":true,"href":"https:\/\/www.europesays.com\/fr\/wp-json\/wp\/v2\/categories?post=363480"},{"taxonomy":"post_tag","embeddable":true,"href":"https:\/\/www.europesays.com\/fr\/wp-json\/wp\/v2\/tags?post=363480"}],"curies":[{"name":"wp","href":"https:\/\/api.w.org\/{rel}","templated":true}]}}