{"id":363482,"date":"2025-09-03T14:54:16","date_gmt":"2025-09-03T14:54:16","guid":{"rendered":"https:\/\/www.europesays.com\/fr\/363482\/"},"modified":"2025-09-03T14:54:16","modified_gmt":"2025-09-03T14:54:16","slug":"20-a-25-de-la-branche-industries-electriques-et-gazieres-en-greve","status":"publish","type":"post","link":"https:\/\/www.europesays.com\/fr\/363482\/","title":{"rendered":"20 \u00e0 25 % de la branche industries \u00e9lectriques et gazi\u00e8res en gr\u00e8ve"},"content":{"rendered":"<p>Depuis le mardi 2 septembre, une partie des salari\u00e9s des industries \u00e9lectriques et gazi\u00e8res ont pos\u00e9 leurs outils. Dans la Loire, 20 \u00e0 25 % des agents se sont mis en gr\u00e8ve d\u00e8s le premier jour pour d\u00e9noncer des in\u00e9galit\u00e9s salariales et une hausse jug\u00e9e intol\u00e9rable des prix de l\u2019\u00e9lectricit\u00e9. \u00c0 Saint-\u00c9tienne et \u00e0 Roanne, les piquets de gr\u00e8ve sont en place, comme dans les 200 sites mobilis\u00e9s \u00e0 travers la France, avec un mot d\u2019ordre clair : revaloriser les salaires et rendre l\u2019\u00e9nergie accessible \u00e0 tous.<\/p>\n<p>\u00ab\u00a0Depuis les ann\u00e9es 80, les grilles salariales n\u2019ont pas boug\u00e9\u00a0\u00bb, d\u00e9noncent les gr\u00e9vistes devant RTE Saint-\u00c9tienne. R\u00e9sultat : un jeune embauch\u00e9, m\u00eame sans exp\u00e9rience, touche \u00e0 peine plus que le SMIC. Une situation aberrante pour ces professionnels, estime Guillaume Delorme, repr\u00e9sentant syndical chez RTE \u00e0 Saint-\u00c9tienne : \u00ab\u00a0Un coll\u00e8gue qui monte sur les pyl\u00f4nes jour et nuit ne peut pas gagner le SMIC, c\u2019est indigne d\u2019un service public. Aujourd\u2019hui, certains jeunes embauch\u00e9s gagnent plus que des salari\u00e9s exp\u00e9riment\u00e9s, simplement parce que les salaires de d\u00e9part ont d\u00fb \u00eatre rehauss\u00e9s pour attirer des candidats.\u00a0\u00bb<\/p>\n<p><strong>Le prix de l\u2019\u00e9lectricit\u00e9, autre sujet de discorde <\/strong><\/p>\n<p>Outre les salaires, les gr\u00e9vistes pointent du doigt l\u2019augmentation de la TVA \u00e0 20 % sur les abonnements et l\u2019envol\u00e9e des factures. Pour faire entendre leurs revendications, les agents multiplient les actions de filtrage et de tra\u00e7age, comme ce mercredi devant Enedis Roanne et RTE Saint-\u00c9tienne. L\u2019objectif ? Informer les coll\u00e8gues non gr\u00e9vistes et sensibiliser l\u2019opinion publique \u00e0 ces injustices.<\/p>\n<p>Au-del\u00e0 des salaires, les manifestants r\u00e9clament la renationalisation du secteur \u00e9nerg\u00e9tique, estimant que la lib\u00e9ralisation a aggrav\u00e9 les in\u00e9galit\u00e9s et fragilis\u00e9 le service public.<\/p>\n<p><strong>Aucun impact sur le r\u00e9seau <\/strong><\/p>\n<p>Des agents d&rsquo;EDF, travaillant dans les centrales nucl\u00e9aires, sont aussi de la partie. Mais les repr\u00e9sentants assurent qu\u2019aucune coupure ni d\u00e9gradation du r\u00e9seau ne sera \u00e0 d\u00e9plorer. \u00ab On ne veut pas p\u00e9naliser les usagers \u00bb, insiste Guillaume Delorme. Des op\u00e9rations \u00ab Robin des bois \u00bb sont \u00e9galement pr\u00e9vues pour venir en aide aux plus pr\u00e9caires.<\/p>\n<\/p>\n<p style=\"text-align: right;\">T.RIVIERE<\/p>\n","protected":false},"excerpt":{"rendered":"Depuis le mardi 2 septembre, une partie des salari\u00e9s des industries \u00e9lectriques et gazi\u00e8res ont pos\u00e9 leurs outils.&hellip;\n","protected":false},"author":2,"featured_media":363483,"comment_status":"","ping_status":"","sticky":false,"template":"","format":"standard","meta":{"footnotes":""},"categories":[9653],"tags":[1111,11,2430,1777,674,1011,27,12,25,4001],"class_list":{"0":"post-363482","1":"post","2":"type-post","3":"status-publish","4":"format-standard","5":"has-post-thumbnail","7":"category-saint-etienne","8":"tag-actu","9":"tag-actualites","10":"tag-auvergne-rhone-alpes","11":"tag-eu","12":"tag-europe","13":"tag-fr","14":"tag-france","15":"tag-news","16":"tag-republique-francaise","17":"tag-saint-etienne"},"share_on_mastodon":{"url":"https:\/\/pubeurope.com\/@fr\/115140943183430325","error":""},"_links":{"self":[{"href":"https:\/\/www.europesays.com\/fr\/wp-json\/wp\/v2\/posts\/363482","targetHints":{"allow":["GET"]}}],"collection":[{"href":"https:\/\/www.europesays.com\/fr\/wp-json\/wp\/v2\/posts"}],"about":[{"href":"https:\/\/www.europesays.com\/fr\/wp-json\/wp\/v2\/types\/post"}],"author":[{"embeddable":true,"href":"https:\/\/www.europesays.com\/fr\/wp-json\/wp\/v2\/users\/2"}],"replies":[{"embeddable":true,"href":"https:\/\/www.europesays.com\/fr\/wp-json\/wp\/v2\/comments?post=363482"}],"version-history":[{"count":0,"href":"https:\/\/www.europesays.com\/fr\/wp-json\/wp\/v2\/posts\/363482\/revisions"}],"wp:featuredmedia":[{"embeddable":true,"href":"https:\/\/www.europesays.com\/fr\/wp-json\/wp\/v2\/media\/363483"}],"wp:attachment":[{"href":"https:\/\/www.europesays.com\/fr\/wp-json\/wp\/v2\/media?parent=363482"}],"wp:term":[{"taxonomy":"category","embeddable":true,"href":"https:\/\/www.europesays.com\/fr\/wp-json\/wp\/v2\/categories?post=363482"},{"taxonomy":"post_tag","embeddable":true,"href":"https:\/\/www.europesays.com\/fr\/wp-json\/wp\/v2\/tags?post=363482"}],"curies":[{"name":"wp","href":"https:\/\/api.w.org\/{rel}","templated":true}]}}