{"id":363492,"date":"2025-09-03T14:59:11","date_gmt":"2025-09-03T14:59:11","guid":{"rendered":"https:\/\/www.europesays.com\/fr\/363492\/"},"modified":"2025-09-03T14:59:11","modified_gmt":"2025-09-03T14:59:11","slug":"un-homme-se-jette-du-troisieme-etage-dun-immeuble-dans-le-centre-ville-de-toulon","status":"publish","type":"post","link":"https:\/\/www.europesays.com\/fr\/363492\/","title":{"rendered":"Un homme se jette du troisi\u00e8me \u00e9tage d\u2019un immeuble dans le centre-ville de Toulon"},"content":{"rendered":"<p>Un homme \u00e2g\u00e9 de 51 ans s\u2019est d\u00e9fenestr\u00e9 ce mercredi matin du troisi\u00e8me \u00e9tage d\u2019un immeuble situ\u00e9 dans la rue Paul-Lendrin, a-t-on appris de sources concordantes. La victime a \u00e9t\u00e9 prise en charge avec de multiples fractures, confirme une source polici\u00e8re.<\/p>\n<p>Selon les premiers \u00e9l\u00e9ments, le quinquag\u00e9naire a \u00e9t\u00e9 aper\u00e7u sur le rebord d\u2019une fen\u00eatre par des t\u00e9moins qui ont vainement tent\u00e9 de le dissuader de se jeter dans le vide. L\u2019alerte a \u00e9t\u00e9 donn\u00e9e vers 11 heures.<\/p>\n<p>L\u2019homme \u00e9tait conscient, allong\u00e9 sur le sol, quand les secours \u2013 Samu et sapeurs-pompiers \u2013 l\u2019ont pris en charge. Les premi\u00e8res constatations font \u00e9tat de fractures au niveau des chevilles. Il a \u00e9t\u00e9 transport\u00e9 \u00e0 l\u2019h\u00f4pital. On ignore les raisons de son passage \u00e0 l\u2019acte.<\/p>\n<p>\u00a0<\/p>\n","protected":false},"excerpt":{"rendered":"Un homme \u00e2g\u00e9 de 51 ans s\u2019est d\u00e9fenestr\u00e9 ce mercredi matin du troisi\u00e8me \u00e9tage d\u2019un immeuble situ\u00e9 dans&hellip;\n","protected":false},"author":2,"featured_media":363493,"comment_status":"","ping_status":"","sticky":false,"template":"","format":"standard","meta":{"footnotes":""},"categories":[9619],"tags":[1111,11,1777,674,118,1011,27,12,882,25,2310],"class_list":{"0":"post-363492","1":"post","2":"type-post","3":"status-publish","4":"format-standard","5":"has-post-thumbnail","7":"category-toulon","8":"tag-actu","9":"tag-actualites","10":"tag-eu","11":"tag-europe","12":"tag-faits-divers","13":"tag-fr","14":"tag-france","15":"tag-news","16":"tag-provence-alpes-cote-dazur","17":"tag-republique-francaise","18":"tag-toulon"},"share_on_mastodon":{"url":"https:\/\/pubeurope.com\/@fr\/115140962853874754","error":""},"_links":{"self":[{"href":"https:\/\/www.europesays.com\/fr\/wp-json\/wp\/v2\/posts\/363492","targetHints":{"allow":["GET"]}}],"collection":[{"href":"https:\/\/www.europesays.com\/fr\/wp-json\/wp\/v2\/posts"}],"about":[{"href":"https:\/\/www.europesays.com\/fr\/wp-json\/wp\/v2\/types\/post"}],"author":[{"embeddable":true,"href":"https:\/\/www.europesays.com\/fr\/wp-json\/wp\/v2\/users\/2"}],"replies":[{"embeddable":true,"href":"https:\/\/www.europesays.com\/fr\/wp-json\/wp\/v2\/comments?post=363492"}],"version-history":[{"count":0,"href":"https:\/\/www.europesays.com\/fr\/wp-json\/wp\/v2\/posts\/363492\/revisions"}],"wp:featuredmedia":[{"embeddable":true,"href":"https:\/\/www.europesays.com\/fr\/wp-json\/wp\/v2\/media\/363493"}],"wp:attachment":[{"href":"https:\/\/www.europesays.com\/fr\/wp-json\/wp\/v2\/media?parent=363492"}],"wp:term":[{"taxonomy":"category","embeddable":true,"href":"https:\/\/www.europesays.com\/fr\/wp-json\/wp\/v2\/categories?post=363492"},{"taxonomy":"post_tag","embeddable":true,"href":"https:\/\/www.europesays.com\/fr\/wp-json\/wp\/v2\/tags?post=363492"}],"curies":[{"name":"wp","href":"https:\/\/api.w.org\/{rel}","templated":true}]}}