{"id":363498,"date":"2025-09-03T15:02:10","date_gmt":"2025-09-03T15:02:10","guid":{"rendered":"https:\/\/www.europesays.com\/fr\/363498\/"},"modified":"2025-09-03T15:02:10","modified_gmt":"2025-09-03T15:02:10","slug":"le-poulpe-10-septembre-a-rouen-notre-force-cest-de-pouvoir-bloquer-leconomie","status":"publish","type":"post","link":"https:\/\/www.europesays.com\/fr\/363498\/","title":{"rendered":"Le Poulpe &#8211; 10 septembre : \u00e0 Rouen, \u00ab notre force c\u2019est de pouvoir bloquer l\u2019\u00e9conomie \u00bb"},"content":{"rendered":"<p>\n      D\u00e9cryptage\n    <\/p>\n<p class=\"paragraph-03\">\n            Par<br \/>\n              Lucie Delaporte (Mediapart)<\/p>\n<p>              &#8211; le<\/p>\n<p>                03\/09\/2025<\/p>\n<p>              \u00e0<\/p>\n<p>                17h00<\/p>\n<p class=\"headline-2 text-bold page-article__summary\">\n        Dans l\u2019agglom\u00e9ration rouennaise, les pr\u00e9paratifs de la journ\u00e9e \u00ab Bloquons tout \u00bb du 10 septembre s\u2019organisent. Ceux qui se sont mobilis\u00e9s avec les \u00ab gilets jaunes \u00bb veulent \u00e9viter les erreurs du mouvement, d\u2019autres ne masquent pas leur lassitude.\n      <\/p>\n<p>Y aller ou pas\u00a0? Sur le site de l\u2019usine Renault de Cl\u00e9on, au sud de Rouen, la question de la participation \u00e0 la journ\u00e9e \u00ab\u00a0Bloquons tout\u00a0\u00bb du 10 septembre agite les ateliers depuis plusieurs jours. Elle a \u00e9t\u00e9 tranch\u00e9e, du c\u00f4t\u00e9 CGT, majoritaire sur le site de quelque 3\u00a0000 salari\u00e9s, par la d\u00e9cision d\u2019un appel \u00e0 la gr\u00e8ve ce jour-l\u00e0, d\u00e9cid\u00e9 \u00e0 l\u2019issue d\u2019une petite assembl\u00e9e g\u00e9n\u00e9rale (AG) mardi 2 septembre.&#13;<br \/>\n\u00ab\u00a0Si cette date existe dans la t\u00eate des gens issus du monde du travail, je pense, comme militant ouvrier, qu\u2019il faut en profiter et y aller\u00a0\u00bb, avance Pascal Le Manach, d\u00e9l\u00e9gu\u00e9 syndical CGT sur le site de construction de moteurs \u00e9lectriques. Comme beaucoup ici, il liste les reculs sociaux de ces derni\u00e8res ann\u00e9es, les attaques contre le pouvoir d\u2019achat et les c&#8230;<\/p>\n<p>    <img decoding=\"async\" alt=\"\" class=\"scroll-up-button__icon\" src=\"https:\/\/www.lepoulpe.info\/packs\/media\/images\/application\/icons\/icon-arrow-top-53dcb9d627350b09fe029db1e56bd8d5.svg\"\/><\/p>\n","protected":false},"excerpt":{"rendered":"D\u00e9cryptage Par Lucie Delaporte (Mediapart) &#8211; le 03\/09\/2025 \u00e0 17h00 Dans l\u2019agglom\u00e9ration rouennaise, les pr\u00e9paratifs de la journ\u00e9e&hellip;\n","protected":false},"author":2,"featured_media":363499,"comment_status":"","ping_status":"","sticky":false,"template":"","format":"standard","meta":{"footnotes":""},"categories":[9587],"tags":[1111,11,1777,674,1011,27,12,5161,25,9590],"class_list":{"0":"post-363498","1":"post","2":"type-post","3":"status-publish","4":"format-standard","5":"has-post-thumbnail","7":"category-rouen","8":"tag-actu","9":"tag-actualites","10":"tag-eu","11":"tag-europe","12":"tag-fr","13":"tag-france","14":"tag-news","15":"tag-normandie","16":"tag-republique-francaise","17":"tag-rouen"},"share_on_mastodon":{"url":"https:\/\/pubeurope.com\/@fr\/115140975063091471","error":""},"_links":{"self":[{"href":"https:\/\/www.europesays.com\/fr\/wp-json\/wp\/v2\/posts\/363498","targetHints":{"allow":["GET"]}}],"collection":[{"href":"https:\/\/www.europesays.com\/fr\/wp-json\/wp\/v2\/posts"}],"about":[{"href":"https:\/\/www.europesays.com\/fr\/wp-json\/wp\/v2\/types\/post"}],"author":[{"embeddable":true,"href":"https:\/\/www.europesays.com\/fr\/wp-json\/wp\/v2\/users\/2"}],"replies":[{"embeddable":true,"href":"https:\/\/www.europesays.com\/fr\/wp-json\/wp\/v2\/comments?post=363498"}],"version-history":[{"count":0,"href":"https:\/\/www.europesays.com\/fr\/wp-json\/wp\/v2\/posts\/363498\/revisions"}],"wp:featuredmedia":[{"embeddable":true,"href":"https:\/\/www.europesays.com\/fr\/wp-json\/wp\/v2\/media\/363499"}],"wp:attachment":[{"href":"https:\/\/www.europesays.com\/fr\/wp-json\/wp\/v2\/media?parent=363498"}],"wp:term":[{"taxonomy":"category","embeddable":true,"href":"https:\/\/www.europesays.com\/fr\/wp-json\/wp\/v2\/categories?post=363498"},{"taxonomy":"post_tag","embeddable":true,"href":"https:\/\/www.europesays.com\/fr\/wp-json\/wp\/v2\/tags?post=363498"}],"curies":[{"name":"wp","href":"https:\/\/api.w.org\/{rel}","templated":true}]}}