{"id":363500,"date":"2025-09-03T15:03:16","date_gmt":"2025-09-03T15:03:16","guid":{"rendered":"https:\/\/www.europesays.com\/fr\/363500\/"},"modified":"2025-09-03T15:03:16","modified_gmt":"2025-09-03T15:03:16","slug":"info-trafic-accident-sur-la-sud-iii-a-rouen-la-circulation-tres-perturbee-ce-mercredi","status":"publish","type":"post","link":"https:\/\/www.europesays.com\/fr\/363500\/","title":{"rendered":"Info trafic. Accident sur la Sud III \u00e0 Rouen, la circulation (tr\u00e8s) perturb\u00e9e ce mercredi"},"content":{"rendered":"<p>            Par<br \/>\n        <strong><br \/>\n            <a href=\"https:\/\/actu.fr\/auteur\/eaube\" title=\"Consulter tous les articles de Elo\u00efse Aub\u00e9\" target=\"_blank\" rel=\"noopener\">Elo\u00efse Aub\u00e9<\/a><br \/>\n        <\/strong><\/p>\n<p>        Publi\u00e9 le<\/p>\n<p>            3 sept. 2025 \u00e0 16h13        <\/p>\n<p>Avis aux automobilistes. Ce mercredi 3\u00a0septembre 2025, aux alentours de 15\u00a0heures, <strong>un accident a eu lieu sur la Sud III<\/strong> pr\u00e8s de <a href=\"https:\/\/actu.fr\/normandie\/rouen_76540\" target=\"_blank\" rel=\"noopener\">Rouen (Seine-Maritime).<\/a> Plus pr\u00e9cis\u00e9ment entre Petit-Quevilly et Petit-Couronne.<\/p>\n<p class=\" wall-content\">Dans le d\u00e9tail, un v\u00e9hicule s\u2019est retrouv\u00e9 sur le toit, indique le SDIS (Service D\u00e9partemental d\u2019Incendie et de Secours), pour une raison encore inconnue. Six sapeurs pompiers ont fait le d\u00e9placement et la conductrice \u00e2g\u00e9e de 20\u00a0ans a \u00e9t\u00e9 transport\u00e9e, <strong>l\u00e9g\u00e8rement bless\u00e9e<\/strong>, \u00e0 l\u2019h\u00f4pital.<\/p>\n<p>Circulation ralentie<\/p>\n<p class=\" wall-content\">Cet accident entra\u00eene des difficult\u00e9s de circulation. En effet, Bison Fut\u00e9 signale de gros ralentissements sur le secteur dans le sens Rouen \u2013 Grand-Couronne. Prudence donc.<\/p>\n<p>Suivez l\u2019actualit\u00e9 de Rouen sur notre<a href=\"https:\/\/www.whatsapp.com\/channel\/0029VaKfnf99hXF2ddApFB1D\" target=\"_blank\" rel=\"noopener\"> cha\u00eene WhatsApp<\/a> et sur notre<a href=\"https:\/\/www.tiktok.com\/@76actu.fr?lang=fr\" target=\"_blank\" rel=\"noopener\"> compte TikTok<\/a><\/p>\n<p class=\" wall-content\">Personnalisez votre actualit\u00e9 en ajoutant vos villes et m\u00e9dias en favori avec <a href=\"https:\/\/moncompte.actu.fr\" title=\"D\u00e9couvez Mon Actu\" rel=\"nofollow noopener\" data-trk=\"{&quot;cta&quot;:{&quot;action&quot;:&quot;https:\\\/\\\/moncompte.actu.fr&quot;,&quot;category&quot;:&quot;mon compte&quot;,&quot;from&quot;:&quot;article footer&quot;,&quot;name&quot;:&quot;Mon actu&quot;,&quot;type&quot;:&quot;cta&quot;}}\" target=\"_blank\">Mon Actu<\/a>.<\/p>\n<p>                    <script async src=\"\/\/www.tiktok.com\/embed.js\"><\/script><\/p>\n","protected":false},"excerpt":{"rendered":"Par Elo\u00efse Aub\u00e9 Publi\u00e9 le 3 sept. 2025 \u00e0 16h13 Avis aux automobilistes. Ce mercredi 3\u00a0septembre 2025, aux&hellip;\n","protected":false},"author":2,"featured_media":363501,"comment_status":"","ping_status":"","sticky":false,"template":"","format":"standard","meta":{"footnotes":""},"categories":[9587],"tags":[1111,11,3542,1777,674,118,1011,27,12,5161,1072,1311,25,9590],"class_list":{"0":"post-363500","1":"post","2":"type-post","3":"status-publish","4":"format-standard","5":"has-post-thumbnail","7":"category-rouen","8":"tag-actu","9":"tag-actualites","10":"tag-circulation","11":"tag-eu","12":"tag-europe","13":"tag-faits-divers","14":"tag-fr","15":"tag-france","16":"tag-news","17":"tag-normandie","18":"tag-police","19":"tag-pompiers","20":"tag-republique-francaise","21":"tag-rouen"},"share_on_mastodon":{"url":"https:\/\/pubeurope.com\/@fr\/115140978522016977","error":""},"_links":{"self":[{"href":"https:\/\/www.europesays.com\/fr\/wp-json\/wp\/v2\/posts\/363500","targetHints":{"allow":["GET"]}}],"collection":[{"href":"https:\/\/www.europesays.com\/fr\/wp-json\/wp\/v2\/posts"}],"about":[{"href":"https:\/\/www.europesays.com\/fr\/wp-json\/wp\/v2\/types\/post"}],"author":[{"embeddable":true,"href":"https:\/\/www.europesays.com\/fr\/wp-json\/wp\/v2\/users\/2"}],"replies":[{"embeddable":true,"href":"https:\/\/www.europesays.com\/fr\/wp-json\/wp\/v2\/comments?post=363500"}],"version-history":[{"count":0,"href":"https:\/\/www.europesays.com\/fr\/wp-json\/wp\/v2\/posts\/363500\/revisions"}],"wp:featuredmedia":[{"embeddable":true,"href":"https:\/\/www.europesays.com\/fr\/wp-json\/wp\/v2\/media\/363501"}],"wp:attachment":[{"href":"https:\/\/www.europesays.com\/fr\/wp-json\/wp\/v2\/media?parent=363500"}],"wp:term":[{"taxonomy":"category","embeddable":true,"href":"https:\/\/www.europesays.com\/fr\/wp-json\/wp\/v2\/categories?post=363500"},{"taxonomy":"post_tag","embeddable":true,"href":"https:\/\/www.europesays.com\/fr\/wp-json\/wp\/v2\/tags?post=363500"}],"curies":[{"name":"wp","href":"https:\/\/api.w.org\/{rel}","templated":true}]}}