{"id":363502,"date":"2025-09-03T15:04:13","date_gmt":"2025-09-03T15:04:13","guid":{"rendered":"https:\/\/www.europesays.com\/fr\/363502\/"},"modified":"2025-09-03T15:04:13","modified_gmt":"2025-09-03T15:04:13","slug":"grenoble-remplit-tous-les-objectifs-de-la-charte-de-l214","status":"publish","type":"post","link":"https:\/\/www.europesays.com\/fr\/363502\/","title":{"rendered":"Grenoble remplit tous les objectifs de la charte de L214"},"content":{"rendered":"<p>\u00ab\u00a0Les \u00e9quipes muni\u00adci\u00adpales et le maire de Grenoble nous montrent aujourd\u2019hui que les mesures ambi\u00adtieuses que nous pro\u00adpo\u00adsons sont r\u00e9a\u00adlistes et attei\u00adgnables\u00a0\u00bb, juge Erwin Goeller, charg\u00e9 d\u2019af\u00adfaires publiques au sein de L214. L\u2019association de d\u00e9fense des ani\u00admaux a, en effet, annonc\u00e9 le ven\u00addredi 29 ao\u00fbt 2025 que Grenoble \u00e9tait deve\u00adnue la pre\u00admi\u00e8re ville fran\u00ad\u00e7aise \u00e0 atteindre <a href=\"https:\/\/www.politique-animaux.fr\/grenoble\" target=\"_blank\" rel=\"noopener nofollow\">100\u00a0% des objec\u00adtifs<\/a> de sa charte \u00ab\u00a0Une ville pour les ani\u00admaux\u00a0\u00bb.<\/p>\n<p><a href=\"https:\/\/www.europesays.com\/fr\/wp-content\/uploads\/2025\/09\/Chatterie-SPA-Dauphine-4-scaled.jpg\" target=\"_blank\" rel=\"noopener\"><img fetchpriority=\"high\" decoding=\"async\" aria-describedby=\"caption-attachment-625034\" class=\"wp-image-625034 size-full\" src=\"data:image\/svg+xml,%3Csvg%20xmlns=\" http:=\"\" alt=\"Sandra Krief, \u00e9lue \u00e0 la Condition animale de la Ville de Grenoble, en visite \u00e0 une chatterie du SPA. \u00a9 Florent Mathieu - Place Gre'net\" width=\"2048\" height=\"1532\" data-lazy- data-lazy- data-lazy-src=\"https:\/\/www.europesays.com\/fr\/wp-content\/uploads\/2025\/09\/Chatterie-SPA-Dauphine-4-scaled.jpg\"\/><\/a><\/p>\n<p id=\"caption-attachment-625034\" class=\"wp-caption-text\">Sandra Krief, \u00e9lue \u00e0 la Condition ani\u00admale de la Ville de Grenoble, en visite \u00e0 une chat\u00adte\u00adrie du SPA. \u00a9 Florent Mathieu \u2013 Place Gre\u2019net<\/p>\n<p>\u00ab\u00a0Le maire \u00e9co\u00adlo\u00adgiste \u00c9ric Piolle et ses \u00e9quipes, enga\u00adg\u00e9s depuis les \u00e9lec\u00adtions muni\u00adci\u00adpales de 2020 sur cette charte, d\u00e9montrent ainsi que mettre en place des mesures locales en faveur des ani\u00admaux [\u2026] est non seule\u00adment sou\u00adhai\u00adtable, mais aussi r\u00e9a\u00adli\u00adsable\u00a0\u00bb, reven\u00addique l\u2019association.<\/p>\n<p>La muni\u00adci\u00adpa\u00adlit\u00e9 gre\u00adno\u00adbloise n\u2019a, quant \u00e0 elle, pas man\u00adqu\u00e9 de se f\u00e9li\u00adci\u00adter de ce r\u00e9sul\u00adtat, en rap\u00adpe\u00adlant, par voie de com\u00admu\u00adni\u00adqu\u00e9, qu\u2019elle avait <a href=\"https:\/\/www.placegrenet.fr\/2022\/10\/04\/grenoble-en-premiere-position-du-classement-une-ville-pour-les-animaux-de-lassociation-l214\/580759\" target=\"_blank\" rel=\"noopener nofollow\">pris la t\u00eate du clas\u00adse\u00adment<\/a> L214 d\u00e8s 2022 pour s\u2019y main\u00adte\u00adnir les ann\u00e9es suivantes.<\/p>\n<p>Les objec\u00adtifs en mati\u00e8re de droits des ani\u00admaux en ques\u00adtion\u00a0? L214 pr\u00e9\u00adco\u00adnise la cr\u00e9a\u00adtion d\u2019une d\u00e9l\u00e9\u00adga\u00adtion \u00e0 la Condition ani\u00admale, l\u2019emploi d\u2019un charg\u00e9 de mis\u00adsion d\u00e9di\u00e9 \u00e0 cette ques\u00adtion, ou encore l\u2019or\u00adga\u00adni\u00adsa\u00adtion d\u2019un vil\u00adlage asso\u00adcia\u00adtif \u00ab\u00a0autour de l\u2019\u00e9\u00adthique ani\u00admale valo\u00adri\u00adsant les actions des asso\u00adcia\u00adtions de pro\u00adtec\u00adtion ani\u00admale\u00a0\u00bb. Autant de points sur les\u00adquels la Ville de Grenoble a apport\u00e9 satis\u00adfac\u00adtion, sous la hou\u00adlette de son \u00e9lue Sandra Krief, par ailleurs co-pr\u00e9\u00adsi\u00addente du <a href=\"https:\/\/parti-animaliste.fr\/\" target=\"_blank\" rel=\"noopener nofollow\">Parti ani\u00adma\u00adliste<\/a>.<\/p>\n","protected":false},"excerpt":{"rendered":"\u00ab\u00a0Les \u00e9quipes muni\u00adci\u00adpales et le maire de Grenoble nous montrent aujourd\u2019hui que les mesures ambi\u00adtieuses que nous pro\u00adpo\u00adsons&hellip;\n","protected":false},"author":2,"featured_media":254582,"comment_status":"","ping_status":"","sticky":false,"template":"","format":"standard","meta":{"footnotes":""},"categories":[9566],"tags":[1111,11,2430,1777,674,1011,27,2731,12,25],"class_list":{"0":"post-363502","1":"post","2":"type-post","3":"status-publish","4":"format-standard","5":"has-post-thumbnail","7":"category-grenoble","8":"tag-actu","9":"tag-actualites","10":"tag-auvergne-rhone-alpes","11":"tag-eu","12":"tag-europe","13":"tag-fr","14":"tag-france","15":"tag-grenoble","16":"tag-news","17":"tag-republique-francaise"},"share_on_mastodon":{"url":"https:\/\/pubeurope.com\/@fr\/115140982689200403","error":""},"_links":{"self":[{"href":"https:\/\/www.europesays.com\/fr\/wp-json\/wp\/v2\/posts\/363502","targetHints":{"allow":["GET"]}}],"collection":[{"href":"https:\/\/www.europesays.com\/fr\/wp-json\/wp\/v2\/posts"}],"about":[{"href":"https:\/\/www.europesays.com\/fr\/wp-json\/wp\/v2\/types\/post"}],"author":[{"embeddable":true,"href":"https:\/\/www.europesays.com\/fr\/wp-json\/wp\/v2\/users\/2"}],"replies":[{"embeddable":true,"href":"https:\/\/www.europesays.com\/fr\/wp-json\/wp\/v2\/comments?post=363502"}],"version-history":[{"count":0,"href":"https:\/\/www.europesays.com\/fr\/wp-json\/wp\/v2\/posts\/363502\/revisions"}],"wp:featuredmedia":[{"embeddable":true,"href":"https:\/\/www.europesays.com\/fr\/wp-json\/wp\/v2\/media\/254582"}],"wp:attachment":[{"href":"https:\/\/www.europesays.com\/fr\/wp-json\/wp\/v2\/media?parent=363502"}],"wp:term":[{"taxonomy":"category","embeddable":true,"href":"https:\/\/www.europesays.com\/fr\/wp-json\/wp\/v2\/categories?post=363502"},{"taxonomy":"post_tag","embeddable":true,"href":"https:\/\/www.europesays.com\/fr\/wp-json\/wp\/v2\/tags?post=363502"}],"curies":[{"name":"wp","href":"https:\/\/api.w.org\/{rel}","templated":true}]}}