{"id":363503,"date":"2025-09-03T15:05:11","date_gmt":"2025-09-03T15:05:11","guid":{"rendered":"https:\/\/www.europesays.com\/fr\/363503\/"},"modified":"2025-09-03T15:05:11","modified_gmt":"2025-09-03T15:05:11","slug":"ligue-2-lasse-bat-des-records-face-a-grenoble","status":"publish","type":"post","link":"https:\/\/www.europesays.com\/fr\/363503\/","title":{"rendered":"Ligue 2 : L&rsquo;ASSE bat des records face \u00e0 Grenoble !"},"content":{"rendered":"<p><strong>Saint-\u00c9tienne a battu son propre record ce samedi. D\u00e9j\u00e0 33.000 face \u00e0 Rodez, les supporters st\u00e9phanois ont encore une fois confirm\u00e9 leur attachement \u00e0 l&rsquo;ASSE, m\u00eame en Ligue 2. Face au <a href=\"https:\/\/www.asse.fr\/fr\/lives\/actualites\/asse-grenoble-l8875\/\" target=\"_blank\" rel=\"noreferrer nofollow noopener\">GF38<\/a>, ils \u00e9taient 35.729 spectateurs supporters.<\/strong><\/p>\n<p>Les hommes d\u2019Eirik Horneland savent qu\u2019ils pourront compter toute la saison sur la ferveur de leurs supporters. Un atout majeur dans une Ligue 2 o\u00f9 le moindre d\u00e9tail peut peser lourd.<\/p>\n<p>\u00ab\u00a0Un sentiment assez incroyable\u00a0\u00bb, confiait d\u2019ailleurs <a href=\"https:\/\/peuple-vert.fr\/joueurs\/chico-lamba\/\" target=\"_blank\" rel=\"noreferrer nofollow noopener\">Chico Lamba<\/a> en conf\u00e9rence de presse avant d\u2019affronter Grenoble. Impatient de fouler une nouvelle fois la pelouse du Chaudron, le d\u00e9fenseur portugais reconnaissait la pression qui accompagne le maillot st\u00e9phanois. Mais plut\u00f4t comme une force. \u00ab\u00a0Jouer pour <a href=\"https:\/\/onefootball.com\/fr\/equipe\/saint-etienne-266\" rel=\"nofollow noopener\" target=\"_blank\">Saint-\u00c9tienne<\/a>, \u00e7a implique forc\u00e9ment de la pression, mais c\u2019est une pression positive. \u00c7a pousse \u00e0 se d\u00e9passer.\u00a0\u00bb<\/p>\n<p>Car ce samedi, Geoffroy-Guichard a une nouvelle fois r\u00e9pondu pr\u00e9sent. Les suppporters de l&rsquo;ASSE \u00e9taient 35.729 spectateurs \u00e0 garnir les tribunes, un record d\u2019affluence pour la saison. Les Kops Nord et Sud \u00e9taient pleins \u00e0 craquer, et malgr\u00e9 la fermeture des balcons qui limite la capacit\u00e9 \u00e0 37.000 places, l\u2019ambiance \u00e9tait \u00e9lectrique.<\/p>\n<p>Pour mesurer l\u2019ampleur du ph\u00e9nom\u00e8ne, il suffit de comparer. Bastia, deuxi\u00e8me meilleure affluence de Ligue 2, plafonne \u00e0 11.417 spectateurs en moyenne. <a href=\"https:\/\/onefootball.com\/fr\/equipe\/saint-etienne-266\" rel=\"nofollow noopener\" target=\"_blank\">Saint-\u00c9tienne<\/a> \u00e9volue alors dans une autre dimension, largement au-dessus du lot, m\u00eame dans l\u2019antichambre.<\/p>\n<p>\u00c0 lui seul, le Peuple Vert assure 41% du nombre total de supporters pr\u00e9sents durant la quatri\u00e8me journ\u00e9e de Ligue 2 (85. 267).<\/p>\n<p>Pour Eirik Horneland et ses hommes, ce soutien n\u2019est pas qu\u2019un d\u00e9cor, c\u2019est une arme psychologique redoutable. Une \u00e9nergie suppl\u00e9mentaire en Ligue 2, preuve du soutien sans condition du peuple st\u00e9phanois.<\/p>\n","protected":false},"excerpt":{"rendered":"Saint-\u00c9tienne a battu son propre record ce samedi. D\u00e9j\u00e0 33.000 face \u00e0 Rodez, les supporters st\u00e9phanois ont encore&hellip;\n","protected":false},"author":2,"featured_media":363504,"comment_status":"","ping_status":"","sticky":false,"template":"","format":"standard","meta":{"footnotes":""},"categories":[9566],"tags":[1111,11,2430,1777,674,1011,27,2731,12,25],"class_list":{"0":"post-363503","1":"post","2":"type-post","3":"status-publish","4":"format-standard","5":"has-post-thumbnail","7":"category-grenoble","8":"tag-actu","9":"tag-actualites","10":"tag-auvergne-rhone-alpes","11":"tag-eu","12":"tag-europe","13":"tag-fr","14":"tag-france","15":"tag-grenoble","16":"tag-news","17":"tag-republique-francaise"},"share_on_mastodon":{"url":"https:\/\/pubeurope.com\/@fr\/115140986460634095","error":""},"_links":{"self":[{"href":"https:\/\/www.europesays.com\/fr\/wp-json\/wp\/v2\/posts\/363503","targetHints":{"allow":["GET"]}}],"collection":[{"href":"https:\/\/www.europesays.com\/fr\/wp-json\/wp\/v2\/posts"}],"about":[{"href":"https:\/\/www.europesays.com\/fr\/wp-json\/wp\/v2\/types\/post"}],"author":[{"embeddable":true,"href":"https:\/\/www.europesays.com\/fr\/wp-json\/wp\/v2\/users\/2"}],"replies":[{"embeddable":true,"href":"https:\/\/www.europesays.com\/fr\/wp-json\/wp\/v2\/comments?post=363503"}],"version-history":[{"count":0,"href":"https:\/\/www.europesays.com\/fr\/wp-json\/wp\/v2\/posts\/363503\/revisions"}],"wp:featuredmedia":[{"embeddable":true,"href":"https:\/\/www.europesays.com\/fr\/wp-json\/wp\/v2\/media\/363504"}],"wp:attachment":[{"href":"https:\/\/www.europesays.com\/fr\/wp-json\/wp\/v2\/media?parent=363503"}],"wp:term":[{"taxonomy":"category","embeddable":true,"href":"https:\/\/www.europesays.com\/fr\/wp-json\/wp\/v2\/categories?post=363503"},{"taxonomy":"post_tag","embeddable":true,"href":"https:\/\/www.europesays.com\/fr\/wp-json\/wp\/v2\/tags?post=363503"}],"curies":[{"name":"wp","href":"https:\/\/api.w.org\/{rel}","templated":true}]}}