{"id":363505,"date":"2025-09-03T15:06:13","date_gmt":"2025-09-03T15:06:13","guid":{"rendered":"https:\/\/www.europesays.com\/fr\/363505\/"},"modified":"2025-09-03T15:06:13","modified_gmt":"2025-09-03T15:06:13","slug":"pres-de-rennes-orelsan-va-faire-un-passage-dans-cette-commune-voici-pourquoi","status":"publish","type":"post","link":"https:\/\/www.europesays.com\/fr\/363505\/","title":{"rendered":"Pr\u00e8s de Rennes, Orelsan va faire un passage dans cette commune : voici pourquoi"},"content":{"rendered":"<p>            Par<br \/>\n        <strong><br \/>\n            <a href=\"https:\/\/actu.fr\/auteur\/laurene-fertin\" title=\"Consulter tous les articles de Laur\u00e8ne Fertin\" rel=\"nofollow noopener\" target=\"_blank\">Laur\u00e8ne Fertin<\/a><br \/>\n        <\/strong><\/p>\n<p>        Publi\u00e9 le<\/p>\n<p>            3 sept. 2025 \u00e0 15h55        <\/p>\n<p>Bonne nouvelle pour les fans\u2009: le chanteur <strong>Orelsan<\/strong> va faire son apparition pr\u00e8s de Rennes. L\u2019artiste pr\u00e9sente en effet <strong>avant-premi\u00e8re son nouveau film Yoro\u00ef <\/strong>dans six salles de cin\u00e9ma en France (Caen, Bordeaux, Lyon, Lomme, Nice\u2026).<\/p>\n<p class=\" wall-content\">En Bretagne, l\u2019artiste donne rendez-vous \u00e0 son public <strong>au Cin\u00e9ville <\/strong>de <strong>Vern-sur-Seiche<\/strong> (Ille-et-Vilaine) <strong>mardi 14\u00a0octobre <\/strong>\u00e0<strong> 19h30<\/strong> et<strong> 20h30<\/strong>.<\/p>\n<p class=\" wall-content\"><a href=\"https:\/\/www.instagram.com\/p\/DOF6WUwiPWo\/embed\" title=\"Ouvrir le lien sur Instagram\" rel=\"nofollow noopener\" target=\"_blank\">Visualiser le contenu sur Instagram<\/a><\/p>\n<p class=\" wall-content\">Le film Yoro\u00ef sortira officiellement en salle <strong>le 29\u00a0octobre<\/strong> prochain.<\/p>\n<p class=\" wall-content\">\u00ab\u2009Apr\u00e8s une derni\u00e8re tourn\u00e9e \u00e9prouvante, Aur\u00e9lien d\u00e9cide de s\u2019installer au Japon avec sa femme Nanako, enceinte de leur premier enfant\u2009\u00bb, relate le cin\u00e9ma Cin\u00e9ville. \u00ab\u2009Alors que le jeune couple emm\u00e9nage dans une maison traditionnelle dans la campagne japonaise, Aur\u00e9lien d\u00e9couvre dans un puits une armure ancestrale qui va r\u00e9veiller d\u2019\u00e9tranges cr\u00e9atures, les Yoka\u00efs.\u2009\u00bb<\/p>\n<p>D\u00e9j\u00e0 complet<\/p>\n<p class=\" wall-content\">Si vous souhaitez prendre vos places, ne tardez pas\u2009: <strong>la s\u00e9ance de 20h30 est d\u00e9j\u00e0 compl\u00e8te.<\/strong> Pour la r\u00e9server, c\u2019est <a href=\"https:\/\/vern-sur-seiche.cineville.fr\/vad\/4099\/65550\/17335\" rel=\"nofollow noopener\" target=\"_blank\">ici<\/a>.<\/p>\n<p class=\" wall-content\">Personnalisez votre actualit\u00e9 en ajoutant vos villes et m\u00e9dias en favori avec <a href=\"https:\/\/moncompte.actu.fr\" title=\"D\u00e9couvez Mon Actu\" rel=\"nofollow noopener\" data-trk=\"{&quot;cta&quot;:{&quot;action&quot;:&quot;https:\\\/\\\/moncompte.actu.fr&quot;,&quot;category&quot;:&quot;mon compte&quot;,&quot;from&quot;:&quot;article footer&quot;,&quot;name&quot;:&quot;Mon actu&quot;,&quot;type&quot;:&quot;cta&quot;}}\" target=\"_blank\">Mon Actu<\/a>.<\/p>\n<p>                    <script async src=\"\/\/www.instagram.com\/embed.js\"><\/script><\/p>\n","protected":false},"excerpt":{"rendered":"Par Laur\u00e8ne Fertin Publi\u00e9 le 3 sept. 2025 \u00e0 15h55 Bonne nouvelle pour les fans\u2009: le chanteur Orelsan&hellip;\n","protected":false},"author":2,"featured_media":363506,"comment_status":"","ping_status":"","sticky":false,"template":"","format":"standard","meta":{"footnotes":""},"categories":[2821],"tags":[1111,11,829,650,1777,674,1011,27,1652,12,21953,584,25],"class_list":{"0":"post-363505","1":"post","2":"type-post","3":"status-publish","4":"format-standard","5":"has-post-thumbnail","7":"category-rennes","8":"tag-actu","9":"tag-actualites","10":"tag-bretagne","11":"tag-cinema","12":"tag-eu","13":"tag-europe","14":"tag-fr","15":"tag-france","16":"tag-loisirs-culture","17":"tag-news","18":"tag-orelsan","19":"tag-rennes","20":"tag-republique-francaise"},"share_on_mastodon":{"url":"https:\/\/pubeurope.com\/@fr\/115140990351528383","error":""},"_links":{"self":[{"href":"https:\/\/www.europesays.com\/fr\/wp-json\/wp\/v2\/posts\/363505","targetHints":{"allow":["GET"]}}],"collection":[{"href":"https:\/\/www.europesays.com\/fr\/wp-json\/wp\/v2\/posts"}],"about":[{"href":"https:\/\/www.europesays.com\/fr\/wp-json\/wp\/v2\/types\/post"}],"author":[{"embeddable":true,"href":"https:\/\/www.europesays.com\/fr\/wp-json\/wp\/v2\/users\/2"}],"replies":[{"embeddable":true,"href":"https:\/\/www.europesays.com\/fr\/wp-json\/wp\/v2\/comments?post=363505"}],"version-history":[{"count":0,"href":"https:\/\/www.europesays.com\/fr\/wp-json\/wp\/v2\/posts\/363505\/revisions"}],"wp:featuredmedia":[{"embeddable":true,"href":"https:\/\/www.europesays.com\/fr\/wp-json\/wp\/v2\/media\/363506"}],"wp:attachment":[{"href":"https:\/\/www.europesays.com\/fr\/wp-json\/wp\/v2\/media?parent=363505"}],"wp:term":[{"taxonomy":"category","embeddable":true,"href":"https:\/\/www.europesays.com\/fr\/wp-json\/wp\/v2\/categories?post=363505"},{"taxonomy":"post_tag","embeddable":true,"href":"https:\/\/www.europesays.com\/fr\/wp-json\/wp\/v2\/tags?post=363505"}],"curies":[{"name":"wp","href":"https:\/\/api.w.org\/{rel}","templated":true}]}}