{"id":363507,"date":"2025-09-03T15:07:23","date_gmt":"2025-09-03T15:07:23","guid":{"rendered":"https:\/\/www.europesays.com\/fr\/363507\/"},"modified":"2025-09-03T15:07:23","modified_gmt":"2025-09-03T15:07:23","slug":"grosse-inquietude-a-rennes","status":"publish","type":"post","link":"https:\/\/www.europesays.com\/fr\/363507\/","title":{"rendered":"Grosse inqui\u00e9tude \u00e0 Rennes !"},"content":{"rendered":"<p>Le Stade Rennais retient son souffle pour l\u2019une de ses p\u00e9pites qui a contract\u00e9 une blessure pendant cette tr\u00eave internationale.<\/p>\n<p>Stade Rennais. Jacquet, nouveau coup dur avec les Bleuets\t<\/p>\n<p><a href=\"https:\/\/www.foot-sur7.fr\/671058-stade-rennais-un-cador-allemand-traque-jeremy-jacquet\" data-type=\"link\" data-id=\"https:\/\/www.foot-sur7.fr\/671058-stade-rennais-un-cador-allemand-traque-jeremy-jacquet\" rel=\"nofollow noopener\" target=\"_blank\">J\u00e9r\u00e9my Jacquet, d\u00e9fenseur central du Stade Rennais<\/a>, ne rejoindra pas l\u2019\u00e9quipe de France espoirs. La F\u00e9d\u00e9ration a confirm\u00e9 son forfait. Raison : une douleur au mollet. Le joueur devait prendre part au d\u00e9but des \u00e9liminatoires pour l\u2019Euro 2027. Mais comme cet \u00e9t\u00e9, d\u00e9j\u00e0 priv\u00e9 de l\u2019Euro espoirs, il manquera encore un rendez-vous majeur. Cette fois, le probl\u00e8me est arriv\u00e9 \u00e0 Angers, lors du dernier match de championnat.<\/p>\n<p>Lire aussi : <a href=\"https:\/\/www.foot-sur7.fr\/693123-mercato-le-stade-rennais-subit-un-sale-coup-de-leipzig\" rel=\"nofollow noopener\" target=\"_blank\">Mercato : le Stade Rennais subit un sale coup de Leipzig<\/a><\/p>\n<p>Jacquet devait pourtant retrouver en s\u00e9lection ses partenaires de club, Djaoui Ciss\u00e9 et Kader Me\u00eft\u00e9. Ensemble, ils devaient d\u00e9fier le Luxembourg, ce vendredi 5 septembre \u00e0 Lorient, puis la Serbie, en amical, lundi 8 septembre, toujours au Moustoir. Mais la douleur au mollet a tout chang\u00e9.<\/p>\n<p><a class=\"related-article simple\" href=\"https:\/\/www.foot-sur7.fr\/693418-mercato-ol-aulas-apprecie-la-gestion-de-kang\" rel=\"nofollow noopener\" target=\"_blank\">\u00c0 voirMercato OL : Aulas appr\u00e9cie la gestion de Kang<\/a><\/p>\n<p>Lire aussi : <a href=\"https:\/\/www.foot-sur7.fr\/692856-stade-rennais-clap-de-fin-pour-une-pepite-a-25-me\" rel=\"nofollow noopener\" target=\"_blank\">Stade Rennais : Clap de fin pour une p\u00e9pite \u00e0 25 M\u20ac !<\/a><\/p>\n<p>Le s\u00e9lectionneur G\u00e9rald Baticle a tranch\u00e9, en accord avec le staff m\u00e9dical : pas de risque inutile, retour \u00e0 Rennes. Une d\u00e9cision de prudence. Le Stade Rennais attend maintenant son prochain rendez-vous. Ce sera face \u00e0 l\u2019Olympique Lyonnais, au Roazhon Park, dimanche 14 septembre. Reste \u00e0 savoir si Jacquet sera r\u00e9tabli \u00e0 temps.<\/p>\n","protected":false},"excerpt":{"rendered":"Le Stade Rennais retient son souffle pour l\u2019une de ses p\u00e9pites qui a contract\u00e9 une blessure pendant cette&hellip;\n","protected":false},"author":2,"featured_media":363508,"comment_status":"","ping_status":"","sticky":false,"template":"","format":"standard","meta":{"footnotes":""},"categories":[2821],"tags":[1111,11,829,1777,674,1011,27,12,584,25],"class_list":{"0":"post-363507","1":"post","2":"type-post","3":"status-publish","4":"format-standard","5":"has-post-thumbnail","7":"category-rennes","8":"tag-actu","9":"tag-actualites","10":"tag-bretagne","11":"tag-eu","12":"tag-europe","13":"tag-fr","14":"tag-france","15":"tag-news","16":"tag-rennes","17":"tag-republique-francaise"},"share_on_mastodon":{"url":"https:\/\/pubeurope.com\/@fr\/115140994345883527","error":""},"_links":{"self":[{"href":"https:\/\/www.europesays.com\/fr\/wp-json\/wp\/v2\/posts\/363507","targetHints":{"allow":["GET"]}}],"collection":[{"href":"https:\/\/www.europesays.com\/fr\/wp-json\/wp\/v2\/posts"}],"about":[{"href":"https:\/\/www.europesays.com\/fr\/wp-json\/wp\/v2\/types\/post"}],"author":[{"embeddable":true,"href":"https:\/\/www.europesays.com\/fr\/wp-json\/wp\/v2\/users\/2"}],"replies":[{"embeddable":true,"href":"https:\/\/www.europesays.com\/fr\/wp-json\/wp\/v2\/comments?post=363507"}],"version-history":[{"count":0,"href":"https:\/\/www.europesays.com\/fr\/wp-json\/wp\/v2\/posts\/363507\/revisions"}],"wp:featuredmedia":[{"embeddable":true,"href":"https:\/\/www.europesays.com\/fr\/wp-json\/wp\/v2\/media\/363508"}],"wp:attachment":[{"href":"https:\/\/www.europesays.com\/fr\/wp-json\/wp\/v2\/media?parent=363507"}],"wp:term":[{"taxonomy":"category","embeddable":true,"href":"https:\/\/www.europesays.com\/fr\/wp-json\/wp\/v2\/categories?post=363507"},{"taxonomy":"post_tag","embeddable":true,"href":"https:\/\/www.europesays.com\/fr\/wp-json\/wp\/v2\/tags?post=363507"}],"curies":[{"name":"wp","href":"https:\/\/api.w.org\/{rel}","templated":true}]}}