{"id":363509,"date":"2025-09-03T15:08:13","date_gmt":"2025-09-03T15:08:13","guid":{"rendered":"https:\/\/www.europesays.com\/fr\/363509\/"},"modified":"2025-09-03T15:08:13","modified_gmt":"2025-09-03T15:08:13","slug":"lallee-anton-de-bary-a-enfin-rouvert-apres-cinq-mois-de-travaux","status":"publish","type":"post","link":"https:\/\/www.europesays.com\/fr\/363509\/","title":{"rendered":"l\u2019all\u00e9e Anton-de-Bary a (enfin) rouvert apr\u00e8s cinq mois de travaux"},"content":{"rendered":"<p>Apr\u00e8s de longs mois de fermeture, le coquet \u00ab\u00a0chemin de traverse\u00a0\u00bb qui relie la rue de l\u2019Universit\u00e9 et la rue Goethe, \u00e0 Strasbourg, est \u00e0 nouveau ouvert. \u00c0 la grande satisfaction des pi\u00e9tons et cyclistes qui ont pour habitude de couper par l\u00e0 pour relier l\u2019avenue de la For\u00eat-Noire et le boulevard de la Victoire. Pendant ces longs mois, ils ont d\u00fb prendre leur mal en patience et rallonger leurs trajets quotidiens via la rue de l\u2019Observatoire ou la place de l\u2019Universit\u00e9.<\/p>\n<p><a href=\"https:\/\/www.dna.fr\/environnement\/2025\/04\/05\/fermeture-de-l-allee-anton-de-bary-du-7-avril-au-29-aout\" target=\"_blank\" rel=\"noopener\">L\u2019Universit\u00e9 de Strasbourg avait engag\u00e9 des travaux<\/a> dans cette all\u00e9e Anton-de-Bary afin de permettre l\u2019installation des infrastructures du r\u00e9seau de chaleur issue de la biomasse (depuis le mus\u00e9e de sismologie dans le jardin du Palais universitaire jusqu\u2019\u00e0 l\u2019Institut de botanique).<\/p>\n<p>  Nouvel am\u00e9nagement et v\u00e9g\u00e9talisation<\/p>\n<p>Comme les premiers passants l\u2019ont remarqu\u00e9 ce mardi 2\u00a0septembre, cette intervention a permis d\u2019\u00e9largir les bordures de l\u2019all\u00e9e pour valoriser les esp\u00e8ces v\u00e9g\u00e9tales (en attente d\u2019\u00eatre plant\u00e9es), les bordures en gr\u00e8s et le cheminement (via un \u00e9l\u00e9gant pavage). \u00c0 noter que l\u2019entr\u00e9e temporaire du jardin botanique se situe toujours, pour le moment, dans la rue Goethe, \u00e0 c\u00f4t\u00e9 de l\u2019Institut de botanique.<\/p>\n","protected":false},"excerpt":{"rendered":"Apr\u00e8s de longs mois de fermeture, le coquet \u00ab\u00a0chemin de traverse\u00a0\u00bb qui relie la rue de l\u2019Universit\u00e9 et&hellip;\n","protected":false},"author":2,"featured_media":363510,"comment_status":"","ping_status":"","sticky":false,"template":"","format":"standard","meta":{"footnotes":""},"categories":[2820],"tags":[1111,11,4749,33,2880,1777,674,107,1011,27,775,12,25,640,2879],"class_list":{"0":"post-363509","1":"post","2":"type-post","3":"status-publish","4":"format-standard","5":"has-post-thumbnail","7":"category-strasbourg","8":"tag-actu","9":"tag-actualites","10":"tag-btp-et-chantiers","11":"tag-economie","12":"tag-edition-strasbourg","13":"tag-eu","14":"tag-europe","15":"tag-fil-info","16":"tag-fr","17":"tag-france","18":"tag-grand-est","19":"tag-news","20":"tag-republique-francaise","21":"tag-strasbourg","22":"tag-strasbourg-ville"},"share_on_mastodon":{"url":"https:\/\/pubeurope.com\/@fr\/115140998168284590","error":""},"_links":{"self":[{"href":"https:\/\/www.europesays.com\/fr\/wp-json\/wp\/v2\/posts\/363509","targetHints":{"allow":["GET"]}}],"collection":[{"href":"https:\/\/www.europesays.com\/fr\/wp-json\/wp\/v2\/posts"}],"about":[{"href":"https:\/\/www.europesays.com\/fr\/wp-json\/wp\/v2\/types\/post"}],"author":[{"embeddable":true,"href":"https:\/\/www.europesays.com\/fr\/wp-json\/wp\/v2\/users\/2"}],"replies":[{"embeddable":true,"href":"https:\/\/www.europesays.com\/fr\/wp-json\/wp\/v2\/comments?post=363509"}],"version-history":[{"count":0,"href":"https:\/\/www.europesays.com\/fr\/wp-json\/wp\/v2\/posts\/363509\/revisions"}],"wp:featuredmedia":[{"embeddable":true,"href":"https:\/\/www.europesays.com\/fr\/wp-json\/wp\/v2\/media\/363510"}],"wp:attachment":[{"href":"https:\/\/www.europesays.com\/fr\/wp-json\/wp\/v2\/media?parent=363509"}],"wp:term":[{"taxonomy":"category","embeddable":true,"href":"https:\/\/www.europesays.com\/fr\/wp-json\/wp\/v2\/categories?post=363509"},{"taxonomy":"post_tag","embeddable":true,"href":"https:\/\/www.europesays.com\/fr\/wp-json\/wp\/v2\/tags?post=363509"}],"curies":[{"name":"wp","href":"https:\/\/api.w.org\/{rel}","templated":true}]}}