{"id":363513,"date":"2025-09-03T15:11:10","date_gmt":"2025-09-03T15:11:10","guid":{"rendered":"https:\/\/www.europesays.com\/fr\/363513\/"},"modified":"2025-09-03T15:11:10","modified_gmt":"2025-09-03T15:11:10","slug":"arnaque-aux-touristes-et-trafic-doiseaux-sur-la-colline-du-chateau-de-nice-un-homme-interpelle","status":"publish","type":"post","link":"https:\/\/www.europesays.com\/fr\/363513\/","title":{"rendered":"Arnaque aux touristes et trafic d\u2019oiseaux sur la colline du ch\u00e2teau de Nice: un homme interpell\u00e9"},"content":{"rendered":"<p>Des oiseaux entass\u00e9s dans une cage, sans eau et avec de la nourriture inappropri\u00e9e. Des heures en plein soleil pour une photo avec des touristes. Ce mercredi matin, une interpellation a \u00e9t\u00e9 op\u00e9r\u00e9e par la police municipale sur la colline du ch\u00e2teau de Nice pour mettre fin au trafic.<\/p>\n<p>Vous avez peut-\u00eatre assist\u00e9 \u00e0 ce petit man\u00e8ge. Sur la colline du ch\u00e2teau, des personnes d\u2019origine malgache ou bulgare vous proposaient de faire une photo avec un pigeon paon sur le bras ou sur l\u2019\u00e9paule. Beaucoup de touristes s\u2019y laissaient prendre. La m\u00e9thode, souvent invasive, visait \u00e0 r\u00e9clamer de l\u2019argent une fois la photo faite avec votre propre smartphone. \u00ab\u00a0Plusieurs touristes se sont plaints d\u2019avoir \u00e9t\u00e9 arnaqu\u00e9s de 10 ou 20 euros\u00a0\u00bb, indique St\u00e9phane Lamart, pr\u00e9sident de l\u2019association \u00e9ponyme de d\u00e9fense des animaux, reconnue d\u2019utilit\u00e9 publique.<\/p>\n<p>Il a d\u00e9pos\u00e9 plainte apr\u00e8s avoir d\u00e9couvert le petit man\u00e8ge et surtout les conditions de d\u00e9tention des oiseaux. \u00ab\u00a0J\u2019ai personnellement constat\u00e9 \u00e0 plusieurs reprises les conditions de d\u00e9tention alarmantes de ces oiseaux: entass\u00e9s dans des caisses de transport pour chats, parfois \u00e0 cinq individus par caisse, sans acc\u00e8s \u00e0 de l\u2019eau, sans ombrage, en plein soleil, expos\u00e9s \u00e0 des temp\u00e9ratures \u00e9lev\u00e9es.\u00a0\u00bb<\/p>\n<p>L\u2019association St\u00e9phane Lamart s\u2019est port\u00e9e partie civile. \u00ab\u00a0M\u00eame la nourriture donn\u00e9e \u00e0 ces oiseaux, destin\u00e9e aux perroquets, n\u2019\u00e9tait pas adapt\u00e9e\u00a0\u00bb, d\u00e9plore St\u00e9phane Lamart.<\/p>\n<p>L\u2019Alliance pour le respect et la protection des animaux (ARPA) se souvient de faits similaires qu\u2019il y a trois ans. \u00ab\u00a0\u00c0 la m\u00eame p\u00e9riode, place Massena, devant la fontaine, des individus des pays de l\u2019Est utilisaient des oiseaux similaires, teints en diff\u00e9rentes couleurs (rose et bleue, nocives pour leur sant\u00e9), et les posaient de force sur les \u00e9paules des passants afin d\u2019en tirer un profit apr\u00e8s photo\u00a0\u00bb, commente Anne-Marie David, directrice de l\u2019ARPA. \u00ab\u00a0Apr\u00e8s d\u00e9p\u00f4t de plainte, les oiseaux avaient pu \u00eatre retir\u00e9s et je pense que c\u2019est pour cette raison qu\u2019aujourd\u2019hui ils exercent en catimini dans un lieu hors centre-ville, mais touristique malgr\u00e9 tout.\u00a0\u00bb<\/p>\n<p>Selon St\u00e9phane Lamart, un syst\u00e8me de guetteurs permettait aux individus de pr\u00e9venir de l\u2019arriv\u00e9e de la police.<\/p>\n<p>Les six oiseaux saisis lors de l\u2019interpellation, amaigris, porteurs de parasites, ont \u00e9t\u00e9 confi\u00e9s \u00e0 une clinique v\u00e9t\u00e9rinaire. Selon un v\u00e9t\u00e9rinaire qui a proc\u00e9d\u00e9 aux constatations, ils \u00e9taient maigres, le plumage souill\u00e9, portaient des excr\u00e9ments secs sur les pattes et les plumes de la queue \u00e9taient ab\u00eem\u00e9es en raison des conditions de d\u00e9tention dans les cages.<\/p>\n<p>L\u2019individu interpell\u00e9 devait \u00eatre pr\u00e9sent\u00e9 \u00e0 un Officier de police judiciaire en vue de d\u00e9terminer les poursuites.<\/p>\n<p>              <img ci-src=\"https:\/\/www.nicematin.com\/faits-divers\/protec\/DATA_ART_16180735-FUWdW2QP.jpg?vh=d13c62&amp;ci_seal=a2ecae0cf5\" alt=\"\"\/><br \/>\n        La police municipale a saisi les oiseaux sur la colline du ch\u00e2teau de Nice. <\/p>\n","protected":false},"excerpt":{"rendered":"Des oiseaux entass\u00e9s dans une cage, sans eau et avec de la nourriture inappropri\u00e9e. Des heures en plein&hellip;\n","protected":false},"author":2,"featured_media":363514,"comment_status":"","ping_status":"","sticky":false,"template":"","format":"standard","meta":{"footnotes":""},"categories":[2819],"tags":[1111,11,1777,674,118,1011,27,12,2401,882,25],"class_list":{"0":"post-363513","1":"post","2":"type-post","3":"status-publish","4":"format-standard","5":"has-post-thumbnail","7":"category-nice","8":"tag-actu","9":"tag-actualites","10":"tag-eu","11":"tag-europe","12":"tag-faits-divers","13":"tag-fr","14":"tag-france","15":"tag-news","16":"tag-nice","17":"tag-provence-alpes-cote-dazur","18":"tag-republique-francaise"},"share_on_mastodon":{"url":"https:\/\/pubeurope.com\/@fr\/115141010044625664","error":""},"_links":{"self":[{"href":"https:\/\/www.europesays.com\/fr\/wp-json\/wp\/v2\/posts\/363513","targetHints":{"allow":["GET"]}}],"collection":[{"href":"https:\/\/www.europesays.com\/fr\/wp-json\/wp\/v2\/posts"}],"about":[{"href":"https:\/\/www.europesays.com\/fr\/wp-json\/wp\/v2\/types\/post"}],"author":[{"embeddable":true,"href":"https:\/\/www.europesays.com\/fr\/wp-json\/wp\/v2\/users\/2"}],"replies":[{"embeddable":true,"href":"https:\/\/www.europesays.com\/fr\/wp-json\/wp\/v2\/comments?post=363513"}],"version-history":[{"count":0,"href":"https:\/\/www.europesays.com\/fr\/wp-json\/wp\/v2\/posts\/363513\/revisions"}],"wp:featuredmedia":[{"embeddable":true,"href":"https:\/\/www.europesays.com\/fr\/wp-json\/wp\/v2\/media\/363514"}],"wp:attachment":[{"href":"https:\/\/www.europesays.com\/fr\/wp-json\/wp\/v2\/media?parent=363513"}],"wp:term":[{"taxonomy":"category","embeddable":true,"href":"https:\/\/www.europesays.com\/fr\/wp-json\/wp\/v2\/categories?post=363513"},{"taxonomy":"post_tag","embeddable":true,"href":"https:\/\/www.europesays.com\/fr\/wp-json\/wp\/v2\/tags?post=363513"}],"curies":[{"name":"wp","href":"https:\/\/api.w.org\/{rel}","templated":true}]}}