{"id":363515,"date":"2025-09-03T15:12:13","date_gmt":"2025-09-03T15:12:13","guid":{"rendered":"https:\/\/www.europesays.com\/fr\/363515\/"},"modified":"2025-09-03T15:12:13","modified_gmt":"2025-09-03T15:12:13","slug":"les-lr-et-le-centre-vont-ils-sallier-pour-les-elections","status":"publish","type":"post","link":"https:\/\/www.europesays.com\/fr\/363515\/","title":{"rendered":"les LR et le centre vont-ils s&rsquo;allier pour les \u00e9lections\u00a0?"},"content":{"rendered":"<p>            Par<br \/>\n        <strong><br \/>\n            <a href=\"https:\/\/actu.fr\/auteur\/laure-gentil\" title=\"Consulter tous les articles de Laure Gentil\" rel=\"nofollow noopener\" target=\"_blank\">Laure Gentil<\/a><br \/>\n        <\/strong><\/p>\n<p>        Publi\u00e9 le<\/p>\n<p>            3 sept. 2025 \u00e0 17h03        <\/p>\n<p><a href=\"https:\/\/actu.fr\/pays-de-la-loire\/nantes_44109\/municipales-2026-a-nantes-foulques-chombart-de-lauwe-choisi-par-les-electeurs-de-droite_63098647.html\" rel=\"nofollow noopener\" target=\"_blank\">Foulques Chombart de Lauwe a remport\u00e9 la primaire<\/a>, face \u00e0 <strong>Julien Bainvel,<\/strong> pour \u00eatre le chef de file pour les prochaines \u00e9lections municipales de mars\u00a02026 \u00e0 Nantes. Aupr\u00e8s d\u2019actu Nantes, <a href=\"https:\/\/actu.fr\/pays-de-la-loire\/nantes_44109\/municipales-2026-a-nantes-foulques-chombart-de-lauwe-promet-une-opposition-tonique-pour-prendre-la-mairie_63101251.html\" rel=\"nofollow noopener\" target=\"_blank\">il a assur\u00e9 vouloir une <strong>coalition<\/strong><\/a> avec le centre droit incarn\u00e9 par <strong>Guillaume Richard<\/strong> (Horizons) \u2013 qui a d\u00e9j\u00e0 apport\u00e9 son soutien \u2013 et avec le centre de<strong> Sarah El\u00a0Ha\u00efry<\/strong>.<br \/>\u00ab\u2009J\u2019ai toujours dit qu\u2019il fallait une coalition, une coalition de projets, ce n\u2019est pas le rassemblement pour le rassemblement\u2009\u00bb.<\/p>\n<p class=\" wall-content\">Du c\u00f4t\u00e9 des centristes, l\u2019avis semble moins affirmatif.<\/p>\n<p>\u00ab\u2009Pro-europ\u00e9ens, pragmatiques et ouverts\u00a0\u00bb<\/p>\n<p class=\" wall-content\">Contact\u00e9e par\u00a0actu Nantes, <strong>Val\u00e9rie Oppelt,<\/strong> conseill\u00e8re municipale et pr\u00e9sidente du groupe des \u00e9lus D\u00e9mocrates et Progressistes, a expliqu\u00e9 qu\u2019une consultation devait d\u2019abord \u00eatre organis\u00e9e avant toute alliance. \u00ab\u2009On se r\u00e9unit samedi matin avec nos militants adh\u00e9rents, avec Modem et Renaissance, et puis tous ceux qui ont d\u00e9j\u00e0 particip\u00e9 \u00e0 la campagne de 2020.\u2009\u00bb<\/p>\n<blockquote class=\"ac-article-quote wall-content\">\n<p>On y tient parce que c&rsquo;est important d&rsquo;avoir leur avis et leur sentiment pour l&rsquo;avenir de Nantes. Sarah El Ha\u00efry, qu&rsquo;on a nomm\u00e9e au sein de notre groupe comme cheffe de file, va rencontrer Foulques Chombart de Lauwe, le gagnant de la primaire LR, suite \u00e0 la consultation des militants.<\/p>\n<p>    <strong>Val\u00e9rie Oppelt<\/strong>\n            <\/p><\/blockquote>\n<p class=\" wall-content\">Dans un <strong>communiqu\u00e9 commun<\/strong>, les partis Modem et Renaissance ont indiqu\u00e9 qu\u2019ils restaient \u00ab\u2009pro-europ\u00e9ens, pragmatiques et ouverts, convaincus que les bonnes id\u00e9es doivent \u00eatre retenues, d\u2019o\u00f9 qu\u2019elles viennent\u2009\u00bb, qu\u2019ils souhaitaient \u00ab\u2009rassembler les bonnes volont\u00e9s, de la droite, du centre et de la gauche r\u00e9formatrice, pour proposer une vision s\u00e9rieuse, cr\u00e9dible et respectueuse de notre ville.\u2009\u00bb<\/p>\n<p class=\" wall-content\">La r\u00e9ponse sur une potentielle alliance est donc, pour l\u2019instant, toujours en suspens.<\/p>\n<p class=\" wall-content\">Personnalisez votre actualit\u00e9 en ajoutant vos villes et m\u00e9dias en favori avec <a href=\"https:\/\/moncompte.actu.fr\" title=\"D\u00e9couvez Mon Actu\" rel=\"nofollow noopener\" data-trk=\"{&quot;cta&quot;:{&quot;action&quot;:&quot;https:\\\/\\\/moncompte.actu.fr&quot;,&quot;category&quot;:&quot;mon compte&quot;,&quot;from&quot;:&quot;article footer&quot;,&quot;name&quot;:&quot;Mon actu&quot;,&quot;type&quot;:&quot;cta&quot;}}\" target=\"_blank\">Mon Actu<\/a>.<\/p>\n","protected":false},"excerpt":{"rendered":"Par Laure Gentil Publi\u00e9 le 3 sept. 2025 \u00e0 17h03 Foulques Chombart de Lauwe a remport\u00e9 la primaire,&hellip;\n","protected":false},"author":2,"featured_media":363516,"comment_status":"","ping_status":"","sticky":false,"template":"","format":"standard","meta":{"footnotes":""},"categories":[2818],"tags":[1111,11,4188,1777,674,1011,27,3434,766,12,2636,316,25],"class_list":{"0":"post-363515","1":"post","2":"type-post","3":"status-publish","4":"format-standard","5":"has-post-thumbnail","7":"category-nantes","8":"tag-actu","9":"tag-actualites","10":"tag-elections-municipales","11":"tag-eu","12":"tag-europe","13":"tag-fr","14":"tag-france","15":"tag-municipales-2026","16":"tag-nantes","17":"tag-news","18":"tag-pays-de-la-loire","19":"tag-politique","20":"tag-republique-francaise"},"share_on_mastodon":{"url":"https:\/\/pubeurope.com\/@fr\/115141014088938981","error":""},"_links":{"self":[{"href":"https:\/\/www.europesays.com\/fr\/wp-json\/wp\/v2\/posts\/363515","targetHints":{"allow":["GET"]}}],"collection":[{"href":"https:\/\/www.europesays.com\/fr\/wp-json\/wp\/v2\/posts"}],"about":[{"href":"https:\/\/www.europesays.com\/fr\/wp-json\/wp\/v2\/types\/post"}],"author":[{"embeddable":true,"href":"https:\/\/www.europesays.com\/fr\/wp-json\/wp\/v2\/users\/2"}],"replies":[{"embeddable":true,"href":"https:\/\/www.europesays.com\/fr\/wp-json\/wp\/v2\/comments?post=363515"}],"version-history":[{"count":0,"href":"https:\/\/www.europesays.com\/fr\/wp-json\/wp\/v2\/posts\/363515\/revisions"}],"wp:featuredmedia":[{"embeddable":true,"href":"https:\/\/www.europesays.com\/fr\/wp-json\/wp\/v2\/media\/363516"}],"wp:attachment":[{"href":"https:\/\/www.europesays.com\/fr\/wp-json\/wp\/v2\/media?parent=363515"}],"wp:term":[{"taxonomy":"category","embeddable":true,"href":"https:\/\/www.europesays.com\/fr\/wp-json\/wp\/v2\/categories?post=363515"},{"taxonomy":"post_tag","embeddable":true,"href":"https:\/\/www.europesays.com\/fr\/wp-json\/wp\/v2\/tags?post=363515"}],"curies":[{"name":"wp","href":"https:\/\/api.w.org\/{rel}","templated":true}]}}