{"id":363517,"date":"2025-09-03T15:13:23","date_gmt":"2025-09-03T15:13:23","guid":{"rendered":"https:\/\/www.europesays.com\/fr\/363517\/"},"modified":"2025-09-03T15:13:23","modified_gmt":"2025-09-03T15:13:23","slug":"ce-celebre-festival-pres-de-nantes-est-le-plus-instagrammable-de-france","status":"publish","type":"post","link":"https:\/\/www.europesays.com\/fr\/363517\/","title":{"rendered":"Ce c\u00e9l\u00e8bre festival pr\u00e8s de Nantes est le plus instagrammable de France"},"content":{"rendered":"<p>Un podium tr\u00e8s visuel&#13;<\/p>\n<p><strong>Avec ses d\u00e9cors monumentaux, ses flammes jaillissantes et son atmosph\u00e8re post-apocalyptique, <a href=\"https:\/\/hellfest.fr\/\" rel=\"nofollow noopener noreferrer\" target=\"_blank\">le Hellfest<\/a> offre un terrain de jeu unique aux photographes amateurs comme aux festivaliers \u00e9quip\u00e9s de smartphones.<\/strong> Chaque sculpture, chaque sc\u00e8ne devient une photo iconique, un atout qui explique sa domination dans ce classement.<br \/>Juste derri\u00e8re, les Eurock\u00e9ennes de Belfort s\u00e9duisent avec leurs concerts au bord de l\u2019eau et leurs couchers de soleil spectaculaires, un cadre naturel qui inspire chaque ann\u00e9e plus de 130 000 festivaliers. Enfin, Rock en Seine, organis\u00e9 \u00e0 Paris dans un \u00e9crin de verdure, compl\u00e8te le top 3 gr\u00e2ce \u00e0 son ambiance \u00e9l\u00e9gante et la cr\u00e9ativit\u00e9 visuelle de ses publics.<\/p>\n<p><img loading=\"lazy\" decoding=\"async\" src=\"https:\/\/www.europesays.com\/fr\/wp-content\/uploads\/2025\/09\/classement festival.jpg\" width=\"653\" height=\"630\" alt=\"\"\/><\/p>\n<p>&#13;<br \/>\nQuand l\u2019image devient indissociable de la musique&#13;<\/p>\n<p>Aujourd\u2019hui, <strong>l\u2019exp\u00e9rience festivali\u00e8re ne se limite plus \u00e0 la musique, elle se vit aussi en ligne.<\/strong> Hashtags, stories et vid\u00e9os TikTok transforment un week-end de concerts en v\u00e9ritable ph\u00e9nom\u00e8ne culturel. Les festivals l\u2019ont bien compris, soignant de plus en plus leurs sc\u00e9nographies, leurs d\u00e9cors et leurs installations immersives. De Solidays, m\u00ealant engagement et shows XXL, au Rose Festival de Toulouse, jeune mais d\u00e9j\u00e0 iconique, chacun cherche \u00e0 se d\u00e9marquer visuellement.<\/p>\n<p>&#13;<br \/>\nUn moteur pour l\u2019\u00e9conomie locale&#13;<\/p>\n<p>Derri\u00e8re les likes et les stories se cachent aussi des enjeux \u00e9conomiques. Comme le souligne Gabriel Destremaut, responsable des relations publiques chez <a href=\"https:\/\/www.sumup.com\/fr-fr\/business-guide\/meilleurs-festivals-musique\/\" rel=\"nofollow noopener noreferrer\" target=\"_blank\">SumUp<\/a>\u00a0: \u00ab\u00a0Les festivals attirent chaque ann\u00e9e des centaines de milliers de visiteurs, g\u00e9n\u00e9rant des retomb\u00e9es importantes pour les commerces, restaurants, h\u00e9bergements et transports locaux.\u00a0\u00bb<br \/>En effet, un festival, m\u00eame de taille modeste, devient un catalyseur pour l\u2019\u00e9conomie locale.<strong> H\u00f4tels complets, terrasses bond\u00e9es, artisans et producteurs qui trouvent un public \u00e9largi, l\u2019impact d\u00e9passe largement la musique.<\/strong> De nombreux ind\u00e9pendants profitent aussi des festivals pour proposer restauration, produits d\u00e9riv\u00e9s ou animations.<\/p>\n<p>&#13;<br \/>\nM\u00e9thodologie&#13;<\/p>\n<p>Pour \u00e9tablir ce classement, SumUp a recens\u00e9 le nombre de publications li\u00e9es aux hashtags officiels de chaque festival et crois\u00e9 ces donn\u00e9es avec la fr\u00e9quentation de l\u2019\u00e9v\u00e9nement. Verdict\u00a0: la puissance visuelle d\u2019un festival refl\u00e8te souvent son pouvoir d\u2019attraction bien au-del\u00e0 des fronti\u00e8res r\u00e9gionales.<\/p>\n<p>&#13;<\/p>\n<p>\u00a0<\/p>\n","protected":false},"excerpt":{"rendered":"Un podium tr\u00e8s visuel&#13; Avec ses d\u00e9cors monumentaux, ses flammes jaillissantes et son atmosph\u00e8re post-apocalyptique, le Hellfest offre&hellip;\n","protected":false},"author":2,"featured_media":363518,"comment_status":"","ping_status":"","sticky":false,"template":"","format":"standard","meta":{"footnotes":""},"categories":[2818],"tags":[1111,11,1777,674,1011,27,766,12,2636,25],"class_list":{"0":"post-363517","1":"post","2":"type-post","3":"status-publish","4":"format-standard","5":"has-post-thumbnail","7":"category-nantes","8":"tag-actu","9":"tag-actualites","10":"tag-eu","11":"tag-europe","12":"tag-fr","13":"tag-france","14":"tag-nantes","15":"tag-news","16":"tag-pays-de-la-loire","17":"tag-republique-francaise"},"share_on_mastodon":{"url":"https:\/\/pubeurope.com\/@fr\/115141018649345662","error":""},"_links":{"self":[{"href":"https:\/\/www.europesays.com\/fr\/wp-json\/wp\/v2\/posts\/363517","targetHints":{"allow":["GET"]}}],"collection":[{"href":"https:\/\/www.europesays.com\/fr\/wp-json\/wp\/v2\/posts"}],"about":[{"href":"https:\/\/www.europesays.com\/fr\/wp-json\/wp\/v2\/types\/post"}],"author":[{"embeddable":true,"href":"https:\/\/www.europesays.com\/fr\/wp-json\/wp\/v2\/users\/2"}],"replies":[{"embeddable":true,"href":"https:\/\/www.europesays.com\/fr\/wp-json\/wp\/v2\/comments?post=363517"}],"version-history":[{"count":0,"href":"https:\/\/www.europesays.com\/fr\/wp-json\/wp\/v2\/posts\/363517\/revisions"}],"wp:featuredmedia":[{"embeddable":true,"href":"https:\/\/www.europesays.com\/fr\/wp-json\/wp\/v2\/media\/363518"}],"wp:attachment":[{"href":"https:\/\/www.europesays.com\/fr\/wp-json\/wp\/v2\/media?parent=363517"}],"wp:term":[{"taxonomy":"category","embeddable":true,"href":"https:\/\/www.europesays.com\/fr\/wp-json\/wp\/v2\/categories?post=363517"},{"taxonomy":"post_tag","embeddable":true,"href":"https:\/\/www.europesays.com\/fr\/wp-json\/wp\/v2\/tags?post=363517"}],"curies":[{"name":"wp","href":"https:\/\/api.w.org\/{rel}","templated":true}]}}