{"id":363519,"date":"2025-09-03T15:14:12","date_gmt":"2025-09-03T15:14:12","guid":{"rendered":"https:\/\/www.europesays.com\/fr\/363519\/"},"modified":"2025-09-03T15:14:12","modified_gmt":"2025-09-03T15:14:12","slug":"les-entreprises-bordelaises-plus-confiantes-en-leur-avenir-quen-la-situation-nationale","status":"publish","type":"post","link":"https:\/\/www.europesays.com\/fr\/363519\/","title":{"rendered":"Les entreprises bordelaises plus confiantes en leur avenir qu&rsquo;en la situation nationale"},"content":{"rendered":"<p>\n\t\t\t\t\t\t\t\t\tD\u00e9but 2025, l&rsquo;industrie a vu le nombre de ses offres d&#8217;emplois augmenter. Cr\u00e9dit : Adobe stock.\n\t\t\t\t\t\t\t\t<\/p>\n<p>Le second barom\u00e8tre \u00e9conomique de Bordeaux M\u00e9tropole note une forte diff\u00e9rence, pour le premier trimestre 2025, entre la confiance des dirigeants entre l&rsquo;\u00e9conomie nationale et la p\u00e9rennit\u00e9 de leur entreprise. Industrie, BTP, services, lev\u00e9es de fonds et immobilier d&rsquo;entreprise sont \u00e9galement pass\u00e9s au crible.<\/p>\n<p>Industrie, BTP, h\u00f4tellerie-restauration, commerce ou services, aucun secteur n&rsquo;\u00e9chappe \u00e0 cette tendance : \u00e0 Bordeaux, les entreprises ont beaucoup plus confiance dans la p\u00e9rennit\u00e9 de leur propre avenir que dans l&rsquo;\u00e9conomie nationale. La diff\u00e9rence est forte. <\/p>\n<p>La m\u00e9tropole de Bordeaux publie son<a href=\"https:\/\/www.placeco.fr\/gironde\/ecosysteme\/article\/lindustrie-et-les-services-sont-les-deux-secteurs-les-plus-optimistes-de-la-metropole-bordelaise-7645?fbclid=IwY2xjawMlBX9leHRuA2FlbQIxMABicmlkETFoNHFVUmRVZVRYOWlwWnpFAR6nMLd9uqDeC9qoPCRja5e8iVCLRSkAcO68H9rfmQACMJEi7eeS8bpTdNBSEw_aem_EcB_hUeFcydPoPI2l3CC9g\" target=\"_blank\" rel=\"nofollow noopener\"> barom\u00e8tre de l&rsquo;\u00e9conomie<\/a> portant sur le premier trimestre 2025, en partenariat avec Invest in Bordeaux, la CCI Bordeaux, France Travail, et l&rsquo;A&rsquo;urba afin de croiser les donn\u00e9es.<\/p>\n<p>La diff\u00e9rence entre la confiance dans la situation nationale et celle des entreprises locales est la plus marqu\u00e9e dans l&rsquo;industrie, qui repr\u00e9sente 11,5% des emplois de Bordeaux M\u00e9tropole, o\u00f9 13% des dirigeants bordelais de ce secteur disaient, au premier trimestre 2025, avoir confiance dans la situation \u00e9conomique nationale alors qu&rsquo;ils sont 70% \u00e0 avoir confiance dans la p\u00e9rennit\u00e9 de leur entreprise (chiffres d\u00e9partementaux, source CCI Bordeaux Gironde). Dans les services (63,2% des emplois salari\u00e9s de la m\u00e9tropole), les chefs d&rsquo;entreprise affichaient une confiance dans la situation \u00e9conomique fran\u00e7aise \u00e0 17% et \u00e0 64% une confiance dans celle de leur entreprise. Dans le commerce (15% de l&#8217;emploi bordelais), la diff\u00e9rence est entre 16% et 60%. Dans le BTP (7%) et dans l&rsquo;h\u00f4tellerie-restauration (6,7%) la diff\u00e9rence est de 22% par rapport \u00e0 69%.  Un chiffre interpelle : celui de l&rsquo;\u00e9volution de cette perception chez les chefs d&rsquo;entreprise du BTP car ils se montraient bien plus pessimistes fin 2024. Les chiffres sur la fin de 2025 ne sont pas encore disponibles.<\/p>\n<p>L&rsquo;industrie a boost\u00e9 ses offres d&#8217;emploi<\/p>\n<p>Concernant l&rsquo;\u00e9volution de l&#8217;emploi, dans quatre secteurs sur les cinq \u00e9tudi\u00e9s, on note une baisse ou stagnation de l&#8217;emploi sur ce premier trimestre 2025 alors que le nombre de travailleurs ind\u00e9pendants augmente. Cela peut s&rsquo;expliquer par le recours au statut d&rsquo;auto-entrepreneur lorsque l&rsquo;activit\u00e9 diminue ou en cas de licenciement. L&rsquo;industrie, en ce d\u00e9but 2025, a \u00e9t\u00e9 le seul secteur \u00e0 voir le nombre d&rsquo;offres d&#8217;emplois augmenter. Celles-ci ont grimp\u00e9 de 7,3%. Dans les quatre autres secteurs pass\u00e9s \u00e0 la loupe, cette \u00e9volution est \u00e0 la baisse (1% ou 2%) par rapport au premier trimestre de 2024. <\/p>\n<p>953 millions d&rsquo;investissements<\/p>\n<p>Un autre indicateur int\u00e9ressant de l&rsquo;\u00e9conomie bordelaise est le nombre des investissements r\u00e9alis\u00e9s. Au premier trimestre 2025, 953 millions d&rsquo;euros d&rsquo;investissements ont \u00e9t\u00e9 programm\u00e9s avec une augmentation de 204 millions d&rsquo;euros, soit une hausse de 27%, par rapport au trimestre pr\u00e9c\u00e9dent. Cette somme est majoritairement port\u00e9e par Valorem, Enervivo et Doxanano. <a href=\"https:\/\/www.placeco.fr\/gironde\/strategie\/article\/energies-renouvelables-un-tour-de-table-de-550-millions-deuros-pour-valorem-6104\" target=\"_blank\" rel=\"nofollow noopener\">Valorem<\/a>, producteur d&rsquo;\u00e9nergies renouvelables, a finalis\u00e9 sa lev\u00e9e de fonds de 550 millions d&rsquo;euros annonc\u00e9e en octobre 2024. La <a href=\"https:\/\/www.placeco.fr\/landes\/strategie\/article\/agrivoltaisme-epopee-gestion-va-engager-30-millions-pour-les-projets-du-girondin-enervivo-6436\" target=\"_blank\" rel=\"nofollow noopener\">soci\u00e9t\u00e9 EnerVivo<\/a> a lev\u00e9 30 millions d&rsquo;euros aupr\u00e8s du fonds d&rsquo;infrastructure \u00c9pop\u00e9e Gestion. Cette lev\u00e9e de fonds permettra \u00e0 l&rsquo;entreprise de d\u00e9velopper des projets visant une capacit\u00e9 de production de 200 MW d&rsquo;ici 2028 et de renforcer ses \u00e9quipes. <a href=\"https:\/\/www.placeco.fr\/gironde\/innovation\/article\/doxanano-sancre-a-bordeaux-pour-developper-son-nanomedicament-contre-le-cancer-6917\" target=\"_blank\" rel=\"nofollow noopener\">Doxanano<\/a>, sp\u00e9cialis\u00e9e dans la nanom\u00e9decine, a lev\u00e9 4 millions d\u2019euros et ouvre un centre de R&amp;D sur le campus de l\u2019Universit\u00e9 de Bordeaux. Elle compte cr\u00e9er quinze emplois d&rsquo;ici trois ans.<\/p>\n<p style=\"margin-left: 25px;\">A lire \u00e9galement :\u00a0<a href=\"https:\/\/www.placeco.fr\/nouvelle-aquitaine\/strategie\/article\/filiale-de-valorem-valemo-decroche-la-supervision-du-parc-eolien-en-mer-de-yeu-noirmoutier-8363\" target=\"_blank\" rel=\"nofollow noopener\">Filiale de Valorem, Valemo d\u00e9croche la supervision du parc \u00e9olien en mer de Yeu-Noirmoutier<\/a><\/p>\n<p>Au rang des bonnes nouvelles, quatorze implantations ont \u00e9t\u00e9 annonc\u00e9es d\u00e9but 2025, et qui devrait cr\u00e9er 350 emplois d&rsquo;ici \u00e0 trois ans. C&rsquo;est positif mais n\u00e9anmoins en diminution de 7% par rapport \u00e0 la fin 2024. <\/p>\n<p>Sur le march\u00e9 immobilier, le barom\u00e8tre bordelais d\u00e9montre, gr\u00e2ce aux chiffres de l&rsquo;OIEB, que l&rsquo;immobilier de bureaux reprend des couleurs alors que le march\u00e9 des entrep\u00f4ts reste en berne. Il y a trop de surfaces d&rsquo;entrep\u00f4t sur la m\u00e9tropole, ces surfaces ne trouvent pas preneur en l&rsquo;\u00e9tat et leur loyer est, logiquement, \u00e0 la baisse. <\/p>\n","protected":false},"excerpt":{"rendered":"D\u00e9but 2025, l&rsquo;industrie a vu le nombre de ses offres d&#8217;emplois augmenter. Cr\u00e9dit : Adobe stock. Le second&hellip;\n","protected":false},"author":2,"featured_media":363520,"comment_status":"","ping_status":"","sticky":false,"template":"","format":"standard","meta":{"footnotes":""},"categories":[2817],"tags":[1111,11,1997,1777,674,1011,27,12,2219,5645,25],"class_list":{"0":"post-363519","1":"post","2":"type-post","3":"status-publish","4":"format-standard","5":"has-post-thumbnail","7":"category-bordeaux","8":"tag-actu","9":"tag-actualites","10":"tag-bordeaux","11":"tag-eu","12":"tag-europe","13":"tag-fr","14":"tag-france","15":"tag-news","16":"tag-nouvelle-aquitaine","17":"tag-placco-placeco","18":"tag-republique-francaise"},"share_on_mastodon":{"url":"https:\/\/pubeurope.com\/@fr\/115141021847121190","error":""},"_links":{"self":[{"href":"https:\/\/www.europesays.com\/fr\/wp-json\/wp\/v2\/posts\/363519","targetHints":{"allow":["GET"]}}],"collection":[{"href":"https:\/\/www.europesays.com\/fr\/wp-json\/wp\/v2\/posts"}],"about":[{"href":"https:\/\/www.europesays.com\/fr\/wp-json\/wp\/v2\/types\/post"}],"author":[{"embeddable":true,"href":"https:\/\/www.europesays.com\/fr\/wp-json\/wp\/v2\/users\/2"}],"replies":[{"embeddable":true,"href":"https:\/\/www.europesays.com\/fr\/wp-json\/wp\/v2\/comments?post=363519"}],"version-history":[{"count":0,"href":"https:\/\/www.europesays.com\/fr\/wp-json\/wp\/v2\/posts\/363519\/revisions"}],"wp:featuredmedia":[{"embeddable":true,"href":"https:\/\/www.europesays.com\/fr\/wp-json\/wp\/v2\/media\/363520"}],"wp:attachment":[{"href":"https:\/\/www.europesays.com\/fr\/wp-json\/wp\/v2\/media?parent=363519"}],"wp:term":[{"taxonomy":"category","embeddable":true,"href":"https:\/\/www.europesays.com\/fr\/wp-json\/wp\/v2\/categories?post=363519"},{"taxonomy":"post_tag","embeddable":true,"href":"https:\/\/www.europesays.com\/fr\/wp-json\/wp\/v2\/tags?post=363519"}],"curies":[{"name":"wp","href":"https:\/\/api.w.org\/{rel}","templated":true}]}}